{"id":747,"date":"2026-04-03T12:25:45","date_gmt":"2026-04-03T18:25:45","guid":{"rendered":"https:\/\/eldiariorepublicamx.com\/?p=747"},"modified":"2026-04-03T12:25:45","modified_gmt":"2026-04-03T18:25:45","slug":"claudia-sheinbaum-anuncia-en-su-conferencia-matutina-descanso-familiar-en-semana-santa","status":"publish","type":"post","link":"https:\/\/eldiariorepublicamx.com\/?p=747","title":{"rendered":"Claudia Sheinbaum anuncia en su conferencia matutina descanso familiar en Semana Santa"},"content":{"rendered":"<p>Durante la transmisi\u00f3n de su espacio habitual, la presidenta Claudia Sheinbaum inform\u00f3 que suspender\u00e1 sus labores p\u00fablicas desde el jueves 2 hasta el domingo 5 de abril, aprovechando el periodo de Semana Santa para un receso familiar.<\/p>\n<h3>Planes en la capital<\/h3>\n<p>La mandataria detall\u00f3 a trav\u00e9s de un video en redes sociales que pasar\u00e1 estos d\u00edas en la Ciudad de M\u00e9xico. Sus planes principales incluyen visitar a su hijo Rodrigo y a su nieto Pablo, quien tiene dos a\u00f1os de edad.<\/p>\n<blockquote><p>\u201cAhora, en Semana Santa, decid\u00ed con Jes\u00fas, mi esposo, que nos \u00edbamos a quedar aqu\u00ed en la Ciudad de M\u00e9xico. Voy a aprovechar para ir a visitar a su casa, a mi nieto, a Pablo y a mi hijo Rodrigo\u201d, dijo.<\/p><\/blockquote>\n<h3>Descanso y trabajo<\/h3>\n<p>Aunque mencion\u00f3 que tambi\u00e9n dedicar\u00e1 parte del tiempo a planear los temas que se abordar\u00e1n en las siguientes conferencias ma\u00f1aneras del mes de abril, su prioridad ser\u00e1 el descanso y la convivencia con su c\u00f3nyuge, Jes\u00fas Mar\u00eda Tarriba.<\/p>\n<blockquote><p>\u201cVoy a aprovechar para hacer algunas cuestiones de planeaci\u00f3n para las pr\u00f3ximas semanas, como por ejemplo, las ma\u00f1aneras de todo el mes de abril, y al mismo tiempo descansar un poco, pasarla con mi esposo Jes\u00fas\u201d, coment\u00f3.<\/p><\/blockquote>\n<p>Al concluir su mensaje, Sheinbaum envi\u00f3 un saludo a toda la poblaci\u00f3n, deseando que disfruten de estos d\u00edas en compa\u00f1\u00eda de sus seres queridos.<\/p>\n<blockquote><p>\u201cY este fin de semana, jueves, viernes, s\u00e1bado y domingo, les deseo a todas y a todos que la pasen con su familia. Mucho cari\u00f1o a la familia, mucho amor a todas y a todos y que tengan unas buenas vacaciones\u201d, concluy\u00f3.<\/p><\/blockquote>\n<p>El per\u00edodo vacacional de Semana Santa, una celebraci\u00f3n de origen cat\u00f3lico, comenz\u00f3 este a\u00f1o el pasado 30 de marzo.<\/p>\n","protected":false},"excerpt":{"rendered":"<p>Durante la transmisi\u00f3n de su espacio habitual, la presidenta Claudia Sheinbaum inform\u00f3 que suspender\u00e1 sus labores p\u00fablicas desde el jueves 2 hasta el domingo 5&hellip;<\/p>\n","protected":false},"author":2,"featured_media":748,"comment_status":"open","ping_status":"open","sticky":false,"template":"","format":"standard","meta":{"footnotes":""},"categories":[251],"tags":[13,639,318,638,654],"class_list":["post-747","post","type-post","status-publish","format-standard","has-post-thumbnail","hentry","category-la-mananera-en-breve","tag-claudia-sheinbaum","tag-descanso","tag-familia","tag-semana-santa","tag-vacaciones"],"_links":{"self":[{"href":"https:\/\/eldiariorepublicamx.com\/index.php?rest_route=\/wp\/v2\/posts\/747","targetHints":{"allow":["GET"]}}],"collection":[{"href":"https:\/\/eldiariorepublicamx.com\/index.php?rest_route=\/wp\/v2\/posts"}],"about":[{"href":"https:\/\/eldiariorepublicamx.com\/index.php?rest_route=\/wp\/v2\/types\/post"}],"author":[{"embeddable":true,"href":"https:\/\/eldiariorepublicamx.com\/index.php?rest_route=\/wp\/v2\/users\/2"}],"replies":[{"embeddable":true,"href":"https:\/\/eldiariorepublicamx.com\/index.php?rest_route=%2Fwp%2Fv2%2Fcomments&post=747"}],"version-history":[{"count":0,"href":"https:\/\/eldiariorepublicamx.com\/index.php?rest_route=\/wp\/v2\/posts\/747\/revisions"}],"wp:featuredmedia":[{"embeddable":true,"href":"https:\/\/eldiariorepublicamx.com\/index.php?rest_route=\/wp\/v2\/media\/748"}],"wp:attachment":[{"href":"https:\/\/eldiariorepublicamx.com\/index.php?rest_route=%2Fwp%2Fv2%2Fmedia&parent=747"}],"wp:term":[{"taxonomy":"category","embeddable":true,"href":"https:\/\/eldiariorepublicamx.com\/index.php?rest_route=%2Fwp%2Fv2%2Fcategories&post=747"},{"taxonomy":"post_tag","embeddable":true,"href":"https:\/\/eldiariorepublicamx.com\/index.php?rest_route=%2Fwp%2Fv2%2Ftags&post=747"}],"curies":[{"name":"wp","href":"https:\/\/api.w.org\/{rel}","templated":true}]}}