{"id":743,"date":"2026-04-03T12:25:35","date_gmt":"2026-04-03T18:25:35","guid":{"rendered":"https:\/\/eldiariorepublicamx.com\/?p=743"},"modified":"2026-04-03T12:25:35","modified_gmt":"2026-04-03T18:25:35","slug":"presidenta-sheinbaum-invita-al-monarca-espanol-a-mexico-con-motivo-del-mundial-de-futbol","status":"publish","type":"post","link":"https:\/\/eldiariorepublicamx.com\/?p=743","title":{"rendered":"Presidenta Sheinbaum invita al monarca espa\u00f1ol a M\u00e9xico con motivo del Mundial de F\u00fatbol"},"content":{"rendered":"<p>La presidenta de M\u00e9xico, Claudia Sheinbaum, extendi\u00f3 una invitaci\u00f3n al rey Felipe VI de Espa\u00f1a para que visite el pa\u00eds durante la Copa Mundial de F\u00fatbol que iniciar\u00e1 en la Ciudad de M\u00e9xico el pr\u00f3ximo 11 de junio, seg\u00fan confirm\u00f3 este mi\u00e9rcoles la Casa Real espa\u00f1ola a la agencia The Associated Press.<\/p>\n<h3>Posible normalizaci\u00f3n de relaciones<\/h3>\n<p>Este posible viaje podr\u00eda marcar el comienzo de una normalizaci\u00f3n en las relaciones entre M\u00e9xico y Espa\u00f1a, las cuales han estado marcadas por tensiones durante los \u00faltimos siete a\u00f1os. Dichas fricciones iniciaron cuando el entonces presidente Andr\u00e9s Manuel L\u00f3pez Obrador solicit\u00f3 al monarca y al papa Francisco que pidieran disculpas por la conquista espa\u00f1ola del siglo XVI.<\/p>\n<p>La Casa Real espa\u00f1ola, en un comunicado breve, no proporcion\u00f3 detalles adicionales sobre la invitaci\u00f3n ni precis\u00f3 cu\u00e1ndo fue recibida. Por su parte, el gobierno mexicano no respondi\u00f3 a solicitudes de comentario sobre el asunto.<\/p>\n<h3>Antecedentes de la invitaci\u00f3n<\/h3>\n<p>La confirmaci\u00f3n de la invitaci\u00f3n por parte de Espa\u00f1a se produjo dos d\u00edas despu\u00e9s de que el rey Felipe VI, durante una visita a una exposici\u00f3n sobre el papel de las mujeres en el M\u00e9xico prehisp\u00e1nico, reconociera que la conquista espa\u00f1ola de las Am\u00e9ricas incluy\u00f3 &#8220;mucho abuso&#8221; y &#8220;controversias morales y \u00e9ticas&#8221;. Sheinbaum calific\u00f3 esas declaraciones como un &#8220;gesto de acercamiento&#8221; del monarca y expres\u00f3 su confianza en &#8220;seguir avanzando en el di\u00e1logo&#8221;.<\/p>\n<p>Si se confirma la visita, se especula que Felipe de Borb\u00f3n, conocido aficionado al f\u00fatbol, podr\u00eda asistir al primer partido de la selecci\u00f3n espa\u00f1ola en el torneo, programado para el 26 de junio contra Uruguay en la ciudad de Guadalajara. Este ser\u00eda su tercer viaje a M\u00e9xico como rey, despu\u00e9s de las visitas realizadas en 2015 junto a la reina Letizia y en 2018 para la toma de posesi\u00f3n de L\u00f3pez Obrador.<\/p>\n<h3>Historial de tensiones<\/h3>\n<p>Las relaciones diplom\u00e1ticas entre ambos pa\u00edses experimentaron un punto \u00e1lgido en 2019, cuando L\u00f3pez Obrador envi\u00f3 la carta solicitando disculpas por la &#8220;invasi\u00f3n&#8221; y las &#8220;matanzas&#8221; cometidas hace 500 a\u00f1os. Aunque la misiva no obtuvo respuesta directa, gener\u00f3 un intercambio de declaraciones \u00e1speras entre los gobiernos. En 2022, el entonces presidente mexicano anunci\u00f3 que pon\u00eda las relaciones &#8220;en pausa&#8221;, aunque los v\u00ednculos comerciales y culturales se mantuvieron.<\/p>\n<p>Tras su elecci\u00f3n, Sheinbaum reiter\u00f3 la postura de que Espa\u00f1a deb\u00eda pedir perd\u00f3n y decidi\u00f3 no invitar al rey a su ceremonia de investidura el 1 de octubre de 2024. Esta decisi\u00f3n fue calificada como &#8220;inaceptable&#8221; por el presidente del gobierno espa\u00f1ol, Pedro S\u00e1nchez, quien se\u00f1al\u00f3 que el monarca hab\u00eda representado a Espa\u00f1a en las tomas de posesi\u00f3n de presidentes latinoamericanos durante d\u00e9cadas. Espa\u00f1a opt\u00f3 por no enviar representante alguno al acto.<\/p>\n<h3>Un camino hacia el di\u00e1logo<\/h3>\n<p>Las tensiones comenzaron a disminuir el a\u00f1o pasado cuando el ministro de Asuntos Exteriores de Espa\u00f1a, Jos\u00e9 Manuel Albares, reconoci\u00f3 que hubo injusticias hacia la poblaci\u00f3n ind\u00edgena de M\u00e9xico por parte de los conquistadores espa\u00f1oles. Sheinbaum celebr\u00f3 en su momento las palabras del ministro, destacando que &#8220;es la primera vez que una autoridad del gobierno espa\u00f1ol habla de lamentar la injusticia&#8221;.<\/p>\n","protected":false},"excerpt":{"rendered":"<p>La presidenta de M\u00e9xico, Claudia Sheinbaum, extendi\u00f3 una invitaci\u00f3n al rey Felipe VI de Espa\u00f1a para que visite el pa\u00eds durante la Copa Mundial de&hellip;<\/p>\n","protected":false},"author":2,"featured_media":744,"comment_status":"open","ping_status":"open","sticky":false,"template":"","format":"standard","meta":{"footnotes":""},"categories":[53,252],"tags":[13,651,650,649,45,652],"class_list":["post-743","post","type-post","status-publish","format-standard","has-post-thumbnail","hentry","category-agenda-internacional","category-agenda-nacional","tag-claudia-sheinbaum","tag-copa-mundial","tag-espana","tag-felipe-vi","tag-mexico","tag-relaciones-diplomaticas"],"_links":{"self":[{"href":"https:\/\/eldiariorepublicamx.com\/index.php?rest_route=\/wp\/v2\/posts\/743","targetHints":{"allow":["GET"]}}],"collection":[{"href":"https:\/\/eldiariorepublicamx.com\/index.php?rest_route=\/wp\/v2\/posts"}],"about":[{"href":"https:\/\/eldiariorepublicamx.com\/index.php?rest_route=\/wp\/v2\/types\/post"}],"author":[{"embeddable":true,"href":"https:\/\/eldiariorepublicamx.com\/index.php?rest_route=\/wp\/v2\/users\/2"}],"replies":[{"embeddable":true,"href":"https:\/\/eldiariorepublicamx.com\/index.php?rest_route=%2Fwp%2Fv2%2Fcomments&post=743"}],"version-history":[{"count":0,"href":"https:\/\/eldiariorepublicamx.com\/index.php?rest_route=\/wp\/v2\/posts\/743\/revisions"}],"wp:featuredmedia":[{"embeddable":true,"href":"https:\/\/eldiariorepublicamx.com\/index.php?rest_route=\/wp\/v2\/media\/744"}],"wp:attachment":[{"href":"https:\/\/eldiariorepublicamx.com\/index.php?rest_route=%2Fwp%2Fv2%2Fmedia&parent=743"}],"wp:term":[{"taxonomy":"category","embeddable":true,"href":"https:\/\/eldiariorepublicamx.com\/index.php?rest_route=%2Fwp%2Fv2%2Fcategories&post=743"},{"taxonomy":"post_tag","embeddable":true,"href":"https:\/\/eldiariorepublicamx.com\/index.php?rest_route=%2Fwp%2Fv2%2Ftags&post=743"}],"curies":[{"name":"wp","href":"https:\/\/api.w.org\/{rel}","templated":true}]}}