{"id":732,"date":"2026-04-03T10:26:06","date_gmt":"2026-04-03T16:26:06","guid":{"rendered":"https:\/\/eldiariorepublicamx.com\/?p=732"},"modified":"2026-04-03T10:26:06","modified_gmt":"2026-04-03T16:26:06","slug":"claudia-sheinbaum-permanecera-en-cdmx-para-combinar-descanso-familiar-y-planificacion-gubernamental-en-semana-santa","status":"publish","type":"post","link":"https:\/\/eldiariorepublicamx.com\/?p=732","title":{"rendered":"Claudia Sheinbaum permanecer\u00e1 en CDMX para combinar descanso familiar y planificaci\u00f3n gubernamental en Semana Santa"},"content":{"rendered":"<p>La presidenta Claudia Sheinbaum ha decidido interrumpir sus giras de trabajo durante el periodo vacacional de Semana Santa para quedarse en la Ciudad de M\u00e9xico, donde compartir\u00e1 tiempo con su familia y preparar\u00e1 la agenda oficial de las pr\u00f3ximas semanas.<\/p>\n<h3>Un descanso en la capital<\/h3>\n<p>A trav\u00e9s de sus redes sociales, la mandataria federal inform\u00f3 que su plan para estos d\u00edas combinar\u00e1 el reencuentro familiar con labores de planeaci\u00f3n estrat\u00e9gica desde Palacio Nacional. Sheinbaum destac\u00f3 la importancia de tomar un respiro de su intensa agenda p\u00fablica para recargar energ\u00edas.<\/p>\n<p>Entre sus actividades personales estar\u00e1n disfrutar de la estancia en la capital junto a su esposo, Jes\u00fas Mar\u00eda Tarriba, y visitar a su hijo Rodrigo Imaz Sheinbaum para convivir con su nieto, quien naci\u00f3 en el a\u00f1o 2023.<\/p>\n<h3>Planificaci\u00f3n sin actos p\u00fablicos<\/h3>\n<p>Aunque no realizar\u00e1 eventos oficiales, la presidenta aprovechar\u00e1 la calma en la ciudad para organizar la agenda de trabajo de las semanas venideras y dise\u00f1ar los temas de sus conferencias matutinas correspondientes a todo el mes de abril.<\/p>\n<blockquote><p>&#8220;Decid\u00ed con Jes\u00fas que nos quedar\u00edamos aqu\u00ed&#8230; aprovechar\u00e9 para planear las ma\u00f1aneras de abril y, al mismo tiempo, descansar un poco&#8221;, explic\u00f3 la mandataria.<\/p><\/blockquote>\n<p>Las conferencias ma\u00f1aneras se suspender\u00e1n durante el Viernes Santo y retomar\u00e1n su horario habitual el lunes 6 de abril.<\/p>\n<h3>Saludo a la ciudadan\u00eda<\/h3>\n<p>Para finalizar su mensaje, y estando acompa\u00f1ada por \u2018Coco\u2019, uno de los gatos famosos de Palacio Nacional, Sheinbaum envi\u00f3 un saludo afectuoso a la poblaci\u00f3n, dese\u00e1ndoles unas vacaciones llenas de amor y convivencia familiar.<\/p>\n","protected":false},"excerpt":{"rendered":"<p>La presidenta Claudia Sheinbaum ha decidido interrumpir sus giras de trabajo durante el periodo vacacional de Semana Santa para quedarse en la Ciudad de M\u00e9xico,&hellip;<\/p>\n","protected":false},"author":2,"featured_media":733,"comment_status":"open","ping_status":"open","sticky":false,"template":"","format":"standard","meta":{"footnotes":""},"categories":[252,290],"tags":[187,13,639,318,17,640,638],"class_list":["post-732","post","type-post","status-publish","format-standard","has-post-thumbnail","hentry","category-agenda-nacional","category-sociedad-y-cultura","tag-cdmx","tag-claudia-sheinbaum","tag-descanso","tag-familia","tag-palacio-nacional","tag-planificacion","tag-semana-santa"],"_links":{"self":[{"href":"https:\/\/eldiariorepublicamx.com\/index.php?rest_route=\/wp\/v2\/posts\/732","targetHints":{"allow":["GET"]}}],"collection":[{"href":"https:\/\/eldiariorepublicamx.com\/index.php?rest_route=\/wp\/v2\/posts"}],"about":[{"href":"https:\/\/eldiariorepublicamx.com\/index.php?rest_route=\/wp\/v2\/types\/post"}],"author":[{"embeddable":true,"href":"https:\/\/eldiariorepublicamx.com\/index.php?rest_route=\/wp\/v2\/users\/2"}],"replies":[{"embeddable":true,"href":"https:\/\/eldiariorepublicamx.com\/index.php?rest_route=%2Fwp%2Fv2%2Fcomments&post=732"}],"version-history":[{"count":0,"href":"https:\/\/eldiariorepublicamx.com\/index.php?rest_route=\/wp\/v2\/posts\/732\/revisions"}],"wp:featuredmedia":[{"embeddable":true,"href":"https:\/\/eldiariorepublicamx.com\/index.php?rest_route=\/wp\/v2\/media\/733"}],"wp:attachment":[{"href":"https:\/\/eldiariorepublicamx.com\/index.php?rest_route=%2Fwp%2Fv2%2Fmedia&parent=732"}],"wp:term":[{"taxonomy":"category","embeddable":true,"href":"https:\/\/eldiariorepublicamx.com\/index.php?rest_route=%2Fwp%2Fv2%2Fcategories&post=732"},{"taxonomy":"post_tag","embeddable":true,"href":"https:\/\/eldiariorepublicamx.com\/index.php?rest_route=%2Fwp%2Fv2%2Ftags&post=732"}],"curies":[{"name":"wp","href":"https:\/\/api.w.org\/{rel}","templated":true}]}}