{"id":730,"date":"2026-04-03T10:25:52","date_gmt":"2026-04-03T16:25:52","guid":{"rendered":"https:\/\/eldiariorepublicamx.com\/?p=730"},"modified":"2026-04-03T10:25:52","modified_gmt":"2026-04-03T16:25:52","slug":"feyenoord-de-holanda-pretende-fichar-al-mexicano-erik-lira-para-la-proxima-temporada","status":"publish","type":"post","link":"https:\/\/eldiariorepublicamx.com\/?p=730","title":{"rendered":"Feyenoord de Holanda pretende fichar al mexicano Erik Lira para la pr\u00f3xima temporada"},"content":{"rendered":"<p>El club holand\u00e9s Feyenoord habr\u00eda puesto sus ojos en el mediocampista mexicano Erik Lira, actual jugador de Cruz Azul, con miras a incorporarlo para la temporada 2026\/27, seg\u00fan revelaciones del periodista Ren\u00e9 Tovar.<\/p>\n<h3>Momento de alto rendimiento<\/h3>\n<p>El inter\u00e9s europeo llega en un momento de gran forma deportiva para Lira, quien no solo se ha consolidado como l\u00edder en Cruz Azul, sino que tambi\u00e9n ha sido titular en la Selecci\u00f3n Mexicana durante la \u00faltima fecha FIFA, ante selecciones como Portugal y B\u00e9lgica, bajo el mando del t\u00e9cnico Javier Aguirre.<\/p>\n<p>Este destacado rendimiento ha generado sondeos desde el Viejo Continente, a pesar de que el futbolista renov\u00f3 recientemente su contrato con el equipo celeste. La informaci\u00f3n se\u00f1ala que la directiva del Feyenoord mantiene una buena relaci\u00f3n con la de Cruz Azul, forjada desde la transferencia del delantero Santiago Gim\u00e9nez en 2022.<\/p>\n<h3>Otros mexicanos en la mira<\/h3>\n<p>El plan del equipo de Rotterdam no se limitar\u00eda a Lira, ya que tambi\u00e9n habr\u00eda mostrado inter\u00e9s en otros futbolistas mexicanos como Gilberto Mora, de Xolos de Tijuana, y Ozziel Herrera, de Tigres. Sin embargo, hasta el momento no se habr\u00edan presentado ofertas formales para iniciar negociaciones con ninguno de los clubes.<\/p>\n<p>Posteriormente, se a\u00f1adi\u00f3 a la lista de posibles objetivos al portero Ra\u00fal &#8216;Tala&#8217; Rangel, de Chivas de Guadalajara, aunque su situaci\u00f3n se mantendr\u00eda en t\u00e9rminos similares a la de los dem\u00e1s jugadores mencionados.<\/p>\n<h3>Valoraci\u00f3n en alza<\/h3>\n<p>El mercado futbol\u00edstico refleja el momento cumbre de Erik Lira, cuya valoraci\u00f3n en Transfermarkt alcanz\u00f3 los 12 millones de euros, la m\u00e1s alta de su carrera. Esta cifra lo posiciona como el jugador m\u00e1s valioso de la plantilla de Cruz Azul, superando a otras figuras del equipo como Kevin Mier o Jos\u00e9 Paradela.<\/p>\n","protected":false},"excerpt":{"rendered":"<p>El club holand\u00e9s Feyenoord habr\u00eda puesto sus ojos en el mediocampista mexicano Erik Lira, actual jugador de Cruz Azul, con miras a incorporarlo para la&hellip;<\/p>\n","protected":false},"author":2,"featured_media":731,"comment_status":"open","ping_status":"open","sticky":false,"template":"","format":"standard","meta":{"footnotes":""},"categories":[291],"tags":[339,634,635,637,636],"class_list":["post-730","post","type-post","status-publish","format-standard","has-post-thumbnail","hentry","category-deportes","tag-cruz-azul","tag-erik-lira","tag-feyenoord","tag-futbolista-mexicano","tag-mercado"],"_links":{"self":[{"href":"https:\/\/eldiariorepublicamx.com\/index.php?rest_route=\/wp\/v2\/posts\/730","targetHints":{"allow":["GET"]}}],"collection":[{"href":"https:\/\/eldiariorepublicamx.com\/index.php?rest_route=\/wp\/v2\/posts"}],"about":[{"href":"https:\/\/eldiariorepublicamx.com\/index.php?rest_route=\/wp\/v2\/types\/post"}],"author":[{"embeddable":true,"href":"https:\/\/eldiariorepublicamx.com\/index.php?rest_route=\/wp\/v2\/users\/2"}],"replies":[{"embeddable":true,"href":"https:\/\/eldiariorepublicamx.com\/index.php?rest_route=%2Fwp%2Fv2%2Fcomments&post=730"}],"version-history":[{"count":0,"href":"https:\/\/eldiariorepublicamx.com\/index.php?rest_route=\/wp\/v2\/posts\/730\/revisions"}],"wp:featuredmedia":[{"embeddable":true,"href":"https:\/\/eldiariorepublicamx.com\/index.php?rest_route=\/wp\/v2\/media\/731"}],"wp:attachment":[{"href":"https:\/\/eldiariorepublicamx.com\/index.php?rest_route=%2Fwp%2Fv2%2Fmedia&parent=730"}],"wp:term":[{"taxonomy":"category","embeddable":true,"href":"https:\/\/eldiariorepublicamx.com\/index.php?rest_route=%2Fwp%2Fv2%2Fcategories&post=730"},{"taxonomy":"post_tag","embeddable":true,"href":"https:\/\/eldiariorepublicamx.com\/index.php?rest_route=%2Fwp%2Fv2%2Ftags&post=730"}],"curies":[{"name":"wp","href":"https:\/\/api.w.org\/{rel}","templated":true}]}}