{"id":726,"date":"2026-04-03T10:25:48","date_gmt":"2026-04-03T16:25:48","guid":{"rendered":"https:\/\/eldiariorepublicamx.com\/?p=726"},"modified":"2026-04-03T10:25:48","modified_gmt":"2026-04-03T16:25:48","slug":"el-sol-de-mexico-audiciono-en-los-pinos-para-cantar-en-la-boda-de-la-hija-del-presidente-lopez-portillo","status":"publish","type":"post","link":"https:\/\/eldiariorepublicamx.com\/?p=726","title":{"rendered":"El Sol de M\u00e9xico audicion\u00f3 en Los Pinos para cantar en la boda de la hija del presidente L\u00f3pez Portillo"},"content":{"rendered":"<p>Cuando ten\u00eda once a\u00f1os, Luis Miguel realiz\u00f3 una audici\u00f3n en la residencia presidencial de Los Pinos para ganarse la oportunidad de cantar en la boda de Paulina L\u00f3pez Portillo, hija del entonces mandatario Jos\u00e9 L\u00f3pez Portillo, seg\u00fan revelaciones de la propia Paulina.<\/p>\n<h3>El v\u00ednculo musical que abri\u00f3 las puertas<\/h3>\n<p>Contrario a lo que se ha especulado, no fue Arturo &#8216;El Negro&#8217; Durazo quien present\u00f3 al artista, sino el compositor y m\u00fasico Bebu Silvetti, quien en ese momento ten\u00eda v\u00ednculos con Paulina debido a que ella acababa de lanzar un disco. Fue Silvetti quien propuso que escucharan al joven int\u00e9rprete.<\/p>\n<p>La audici\u00f3n se llev\u00f3 a cabo en Los Pinos con la presencia de tres personas adem\u00e1s del ni\u00f1o cantante: la misma Paulina L\u00f3pez Portillo, el jefe del Estado Mayor Presidencial y Luisito Rey, padre y representante de Luis Miguel.<\/p>\n<h3>Una decisi\u00f3n contra la recomendaci\u00f3n oficial<\/h3>\n<p>Alberto Tavira, periodista autor de un libro sobre el cantante, relat\u00f3 que Luis Miguel interpret\u00f3 una de las canciones del \u00e1lbum de Paulina durante la prueba. <\/p>\n<blockquote><p>&#8220;(Luis Miguel) se pone a cantar una de las canciones del disco de Paulina y qued\u00f3 fascinada con los agudos, con el carisma; qued\u00f3 embelesada con el ni\u00f1o&#8221;, dijo el periodista.<\/p><\/blockquote>\n<p> A pesar de que el jefe del Estado Mayor Presidencial, quien actuaba como organizador de la boda, le advirti\u00f3 que no contratara a alguien desconocido para un momento tan importante, Paulina insisti\u00f3 en su elecci\u00f3n.<\/p>\n<p>La boda se celebr\u00f3 el 29 de mayo de 1981 en el Colegio Militar, con la asistencia de personalidades de la pol\u00edtica y el espect\u00e1culo. Luis Miguel, con solo dos interpretaciones, conquist\u00f3 a los invitados.<\/p>\n<h3>El recuerdo de una presentaci\u00f3n memorable<\/h3>\n<p>Rafael Tovar y L\u00f3pez-Portillo, nieto del expresidente, record\u00f3 que las dos canciones que cant\u00f3 el artista eran de autor\u00eda de Paulina. <\/p>\n<blockquote><p>&#8220;(Paulina) estaba muy conmovida y a\u00fan m\u00e1s porque las dos canciones que cant\u00f3 eran de su autor\u00eda. Siempre ha dicho que ten\u00eda la voz de un \u00e1ngel&#8221;, dijo Rafael.<\/p><\/blockquote>\n<p>Tambi\u00e9n mencion\u00f3 que el peque\u00f1o cantante no mostr\u00f3 nerviosismo, una cualidad que el propio presidente L\u00f3pez Portillo not\u00f3, describi\u00e9ndolo como un ni\u00f1o simp\u00e1tico y decidido.<\/p>\n","protected":false},"excerpt":{"rendered":"<p>Cuando ten\u00eda once a\u00f1os, Luis Miguel realiz\u00f3 una audici\u00f3n en la residencia presidencial de Los Pinos para ganarse la oportunidad de cantar en la boda&hellip;<\/p>\n","protected":false},"author":2,"featured_media":727,"comment_status":"open","ping_status":"open","sticky":false,"template":"","format":"standard","meta":{"footnotes":""},"categories":[290],"tags":[629,630,628,385,631],"class_list":["post-726","post","type-post","status-publish","format-standard","has-post-thumbnail","hentry","category-sociedad-y-cultura","tag-audicion","tag-boda","tag-los-pinos","tag-luis-miguel","tag-paulina-lopez-portillo"],"_links":{"self":[{"href":"https:\/\/eldiariorepublicamx.com\/index.php?rest_route=\/wp\/v2\/posts\/726","targetHints":{"allow":["GET"]}}],"collection":[{"href":"https:\/\/eldiariorepublicamx.com\/index.php?rest_route=\/wp\/v2\/posts"}],"about":[{"href":"https:\/\/eldiariorepublicamx.com\/index.php?rest_route=\/wp\/v2\/types\/post"}],"author":[{"embeddable":true,"href":"https:\/\/eldiariorepublicamx.com\/index.php?rest_route=\/wp\/v2\/users\/2"}],"replies":[{"embeddable":true,"href":"https:\/\/eldiariorepublicamx.com\/index.php?rest_route=%2Fwp%2Fv2%2Fcomments&post=726"}],"version-history":[{"count":0,"href":"https:\/\/eldiariorepublicamx.com\/index.php?rest_route=\/wp\/v2\/posts\/726\/revisions"}],"wp:featuredmedia":[{"embeddable":true,"href":"https:\/\/eldiariorepublicamx.com\/index.php?rest_route=\/wp\/v2\/media\/727"}],"wp:attachment":[{"href":"https:\/\/eldiariorepublicamx.com\/index.php?rest_route=%2Fwp%2Fv2%2Fmedia&parent=726"}],"wp:term":[{"taxonomy":"category","embeddable":true,"href":"https:\/\/eldiariorepublicamx.com\/index.php?rest_route=%2Fwp%2Fv2%2Fcategories&post=726"},{"taxonomy":"post_tag","embeddable":true,"href":"https:\/\/eldiariorepublicamx.com\/index.php?rest_route=%2Fwp%2Fv2%2Ftags&post=726"}],"curies":[{"name":"wp","href":"https:\/\/api.w.org\/{rel}","templated":true}]}}