{"id":719,"date":"2026-04-02T16:14:56","date_gmt":"2026-04-02T22:14:56","guid":{"rendered":"https:\/\/eldiariorepublicamx.com\/?p=719"},"modified":"2026-04-02T16:27:50","modified_gmt":"2026-04-02T22:27:50","slug":"playas-limpias-y-listas-para-semana-santa-claudia-sheinbaum-garantiza-vacaciones-seguras-para-tu-familia","status":"publish","type":"post","link":"https:\/\/eldiariorepublicamx.com\/?p=719","title":{"rendered":"Playas limpias y listas para Semana Santa: Claudia Sheinbaum garantiza vacaciones seguras para tu familia"},"content":{"rendered":"\n<p>La <strong>presidenta Claudia Sheinbaum<\/strong> garantiza que las <strong>playas del Golfo de M\u00e9xico<\/strong> est\u00e1n limpias, seguras y listas para recibirte esta Semana Santa. Si tienes planeado llevar a tu familia a la playa, hay muy buenas noticias.<\/p>\n\n\n\n<p><strong>\u00bfQu\u00e9 hizo el gobierno para limpiar las playas tras el derrame?<\/strong><\/p>\n\n\n\n<p>Sheinbaum encabez\u00f3 personalmente los trabajos de atenci\u00f3n, coordinando a la Secretar\u00eda de Marina, Medio Ambiente y Petr\u00f3leos Mexicanos para recuperar las costas en tiempo r\u00e9cord. No fue la naturaleza sola: fue un operativo coordinado y constante el que hoy te permite llegar con tranquilidad.<\/p>\n\n\n\n<p><strong>\u00bfLas playas del Golfo est\u00e1n seguras para ba\u00f1arse en Semana Santa 2026?<\/strong><\/p>\n\n\n\n<p>S\u00ed. Las evaluaciones sanitarias m\u00e1s recientes confirman que la gran mayor\u00eda de playas son <strong>aptas para uso recreativo<\/strong>, incluso en zonas que registraron afectaciones iniciales. El monitoreo sigue activo para garantizar tu seguridad y la de tu familia.<\/p>\n\n\n\n<p><strong>\u00bfQu\u00e9 pasa con los pescadores y comunidades afectadas?<\/strong><\/p>\n\n\n\n<p>El gobierno de la <strong>presidenta Sheinbaum<\/strong> mantiene apoyo directo a pescadores y comunidades de la regi\u00f3n, porque la recuperaci\u00f3n no es solo ambiental, tambi\u00e9n es humana y social.<\/p>\n\n\n\n<p><strong>\u00bfCu\u00e1les playas del Golfo de M\u00e9xico est\u00e1n limpias para Semana Santa 2026?<\/strong><\/p>\n\n\n\n<p>La respuesta es clara: est\u00e1n listas para ti y tu familia. Ven, compru\u00e9balo y disfruta el mar con tranquilidad.<\/p>\n","protected":false},"excerpt":{"rendered":"<p>La presidenta Claudia Sheinbaum garantiza que las playas del Golfo de M\u00e9xico est\u00e1n limpias, seguras y listas para recibirte esta Semana Santa. Si tienes planeado&hellip;<\/p>\n","protected":false},"author":5,"featured_media":722,"comment_status":"open","ping_status":"open","sticky":false,"template":"","format":"standard","meta":{"footnotes":""},"categories":[251],"tags":[13,45,18],"class_list":["post-719","post","type-post","status-publish","format-standard","has-post-thumbnail","hentry","category-la-mananera-en-breve","tag-claudia-sheinbaum","tag-mexico","tag-morena"],"_links":{"self":[{"href":"https:\/\/eldiariorepublicamx.com\/index.php?rest_route=\/wp\/v2\/posts\/719","targetHints":{"allow":["GET"]}}],"collection":[{"href":"https:\/\/eldiariorepublicamx.com\/index.php?rest_route=\/wp\/v2\/posts"}],"about":[{"href":"https:\/\/eldiariorepublicamx.com\/index.php?rest_route=\/wp\/v2\/types\/post"}],"author":[{"embeddable":true,"href":"https:\/\/eldiariorepublicamx.com\/index.php?rest_route=\/wp\/v2\/users\/5"}],"replies":[{"embeddable":true,"href":"https:\/\/eldiariorepublicamx.com\/index.php?rest_route=%2Fwp%2Fv2%2Fcomments&post=719"}],"version-history":[{"count":1,"href":"https:\/\/eldiariorepublicamx.com\/index.php?rest_route=\/wp\/v2\/posts\/719\/revisions"}],"predecessor-version":[{"id":721,"href":"https:\/\/eldiariorepublicamx.com\/index.php?rest_route=\/wp\/v2\/posts\/719\/revisions\/721"}],"wp:featuredmedia":[{"embeddable":true,"href":"https:\/\/eldiariorepublicamx.com\/index.php?rest_route=\/wp\/v2\/media\/722"}],"wp:attachment":[{"href":"https:\/\/eldiariorepublicamx.com\/index.php?rest_route=%2Fwp%2Fv2%2Fmedia&parent=719"}],"wp:term":[{"taxonomy":"category","embeddable":true,"href":"https:\/\/eldiariorepublicamx.com\/index.php?rest_route=%2Fwp%2Fv2%2Fcategories&post=719"},{"taxonomy":"post_tag","embeddable":true,"href":"https:\/\/eldiariorepublicamx.com\/index.php?rest_route=%2Fwp%2Fv2%2Ftags&post=719"}],"curies":[{"name":"wp","href":"https:\/\/api.w.org\/{rel}","templated":true}]}}