{"id":717,"date":"2026-04-02T10:27:55","date_gmt":"2026-04-02T16:27:55","guid":{"rendered":"https:\/\/eldiariorepublicamx.com\/?p=717"},"modified":"2026-04-02T10:27:55","modified_gmt":"2026-04-02T16:27:55","slug":"rendimiento-desigual-de-gonzalez-y-berterame-genera-debate-en-la-delantera-mexicana-para-el-mundial-2026","status":"publish","type":"post","link":"https:\/\/eldiariorepublicamx.com\/?p=717","title":{"rendered":"Rendimiento desigual de Gonz\u00e1lez y Berterame genera debate en la delantera mexicana para el Mundial 2026"},"content":{"rendered":"<p>El rendimiento contrastante de los delanteros Armando &#8216;Hormiga&#8217; Gonz\u00e1lez y Germ\u00e1n Berterame en sus clubes y con la Selecci\u00f3n Mexicana ha abierto el debate sobre las opciones de ataque de cara a la Copa del Mundo de 2026, tras la \u00faltima Fecha FIFA de marzo donde el equipo nacional enfrent\u00f3 a Portugal y B\u00e9lgica.<\/p>\n<h3>Dos realidades en el terreno de juego<\/h3>\n<p>Armando Gonz\u00e1lez, jugador de Chivas, vive un momento excepcional en la Liga MX, donde es l\u00edder de goleo con 10 anotaciones en 12 partidos, siendo titular en todos ellos. Sin embargo, su producci\u00f3n con el combinado nacional ha sido menor, registrando un solo gol en cinco encuentros disputados este a\u00f1o, el cual anot\u00f3 frente a Islandia.<\/p>\n<p>Por el contrario, Germ\u00e1n Berterame, quien recientemente se incorpor\u00f3 al Inter Miami de la MLS, no ha podido consolidarse en su nuevo equipo, disputando cinco partidos sin marcar goles. Antes de su emigraci\u00f3n, tuvo un paso efectivo con Rayados de Monterrey, donde en tres partidos de la presente temporada de Liga MX consigui\u00f3 dos anotaciones.<\/p>\n<h3>Estad\u00edsticas y proyecci\u00f3n mundialista<\/h3>\n<p>Con la Selecci\u00f3n Mexicana, Berterame suma tres apariciones en 2026 y un gol, anotado ante Bolivia. La comparaci\u00f3n entre ambos atacantes se vuelve inevitable de cara al pr\u00f3ximo Mundial, ya que mientras Gonz\u00e1lez llega en un estado de forma sobresaliente a nivel de club, Berterame no ha logrado trasladar regularidad a su etapa en Estados Unidos.<\/p>\n<p>Ambos futbolistas, junto con Ra\u00fal Jim\u00e9nez, son considerados opciones para el director t\u00e9cnico Javier Aguirre en la delantera del equipo tricolor. La \u00faltima ventana FIFA dej\u00f3 sensaciones mixtas pero tambi\u00e9n puso sobre la mesa la necesidad de evaluar el rendimiento de los posibles delanteros que buscar\u00e1n el pase al certamen que se disputar\u00e1 en Norteam\u00e9rica.<\/p>\n","protected":false},"excerpt":{"rendered":"<p>El rendimiento contrastante de los delanteros Armando &#8216;Hormiga&#8217; Gonz\u00e1lez y Germ\u00e1n Berterame en sus clubes y con la Selecci\u00f3n Mexicana ha abierto el debate sobre&hellip;<\/p>\n","protected":false},"author":2,"featured_media":718,"comment_status":"open","ping_status":"open","sticky":false,"template":"","format":"standard","meta":{"footnotes":""},"categories":[291],"tags":[501,621,622,120,376],"class_list":["post-717","post","type-post","status-publish","format-standard","has-post-thumbnail","hentry","category-deportes","tag-armando-gonzalez","tag-delanteros","tag-german-berterame","tag-mundial-2026","tag-seleccion-mexicana"],"_links":{"self":[{"href":"https:\/\/eldiariorepublicamx.com\/index.php?rest_route=\/wp\/v2\/posts\/717","targetHints":{"allow":["GET"]}}],"collection":[{"href":"https:\/\/eldiariorepublicamx.com\/index.php?rest_route=\/wp\/v2\/posts"}],"about":[{"href":"https:\/\/eldiariorepublicamx.com\/index.php?rest_route=\/wp\/v2\/types\/post"}],"author":[{"embeddable":true,"href":"https:\/\/eldiariorepublicamx.com\/index.php?rest_route=\/wp\/v2\/users\/2"}],"replies":[{"embeddable":true,"href":"https:\/\/eldiariorepublicamx.com\/index.php?rest_route=%2Fwp%2Fv2%2Fcomments&post=717"}],"version-history":[{"count":0,"href":"https:\/\/eldiariorepublicamx.com\/index.php?rest_route=\/wp\/v2\/posts\/717\/revisions"}],"wp:featuredmedia":[{"embeddable":true,"href":"https:\/\/eldiariorepublicamx.com\/index.php?rest_route=\/wp\/v2\/media\/718"}],"wp:attachment":[{"href":"https:\/\/eldiariorepublicamx.com\/index.php?rest_route=%2Fwp%2Fv2%2Fmedia&parent=717"}],"wp:term":[{"taxonomy":"category","embeddable":true,"href":"https:\/\/eldiariorepublicamx.com\/index.php?rest_route=%2Fwp%2Fv2%2Fcategories&post=717"},{"taxonomy":"post_tag","embeddable":true,"href":"https:\/\/eldiariorepublicamx.com\/index.php?rest_route=%2Fwp%2Fv2%2Ftags&post=717"}],"curies":[{"name":"wp","href":"https:\/\/api.w.org\/{rel}","templated":true}]}}