{"id":711,"date":"2026-04-02T10:27:43","date_gmt":"2026-04-02T16:27:43","guid":{"rendered":"https:\/\/eldiariorepublicamx.com\/?p=711"},"modified":"2026-04-02T10:27:43","modified_gmt":"2026-04-02T16:27:43","slug":"lupillo-rivera-y-taina-pimentel-anuncian-su-compromiso-matrimonial","status":"publish","type":"post","link":"https:\/\/eldiariorepublicamx.com\/?p=711","title":{"rendered":"Lupillo Rivera y Taina Pimentel anuncian su compromiso matrimonial"},"content":{"rendered":"<p>El cantante Lupillo Rivera confirm\u00f3 su compromiso matrimonial con la modelo Taina Pimentel, una noticia que comparti\u00f3 directamente con sus seguidores en redes sociales.<\/p>\n<h3>Celebraci\u00f3n en redes<\/h3>\n<p>A trav\u00e9s de sus cuentas personales, la pareja mostr\u00f3 im\u00e1genes del anillo de compromiso y expres\u00f3 su alegr\u00eda por iniciar esta nueva fase de su relaci\u00f3n. En una de las publicaciones, Pimentel escribi\u00f3 que no solo recibi\u00f3 un anillo, sino tambi\u00e9n una promesa de vida juntos, dejando ver el cari\u00f1o que existe entre ambos.<\/p>\n<p>Las fotograf\u00edas publicadas capturaron a la pareja en un ambiente de felicidad y afecto, celebrando p\u00fablicamente su decisi\u00f3n de casarse.<\/p>\n<h3>Una relaci\u00f3n reciente<\/h3>\n<p>El anuncio del compromiso se produce poco despu\u00e9s de que la pareja hiciera oficial su noviazgo a finales del a\u00f1o pasado. Desde entonces, el int\u00e9rprete hab\u00eda manifestado en varias ocasiones su intenci\u00f3n de contraer matrimonio.<\/p>\n<p>Este paso representa un momento significativo en la vida personal del artista, quien ahora avanza hacia el altar junto a su pareja.<\/p>\n","protected":false},"excerpt":{"rendered":"<p>El cantante Lupillo Rivera confirm\u00f3 su compromiso matrimonial con la modelo Taina Pimentel, una noticia que comparti\u00f3 directamente con sus seguidores en redes sociales. Celebraci\u00f3n&hellip;<\/p>\n","protected":false},"author":2,"featured_media":712,"comment_status":"open","ping_status":"open","sticky":false,"template":"","format":"standard","meta":{"footnotes":""},"categories":[290],"tags":[611,610,608,612,609],"class_list":["post-711","post","type-post","status-publish","format-standard","has-post-thumbnail","hentry","category-sociedad-y-cultura","tag-cantante","tag-compromiso","tag-lupillo-rivera","tag-modelo","tag-taina-pimentel"],"_links":{"self":[{"href":"https:\/\/eldiariorepublicamx.com\/index.php?rest_route=\/wp\/v2\/posts\/711","targetHints":{"allow":["GET"]}}],"collection":[{"href":"https:\/\/eldiariorepublicamx.com\/index.php?rest_route=\/wp\/v2\/posts"}],"about":[{"href":"https:\/\/eldiariorepublicamx.com\/index.php?rest_route=\/wp\/v2\/types\/post"}],"author":[{"embeddable":true,"href":"https:\/\/eldiariorepublicamx.com\/index.php?rest_route=\/wp\/v2\/users\/2"}],"replies":[{"embeddable":true,"href":"https:\/\/eldiariorepublicamx.com\/index.php?rest_route=%2Fwp%2Fv2%2Fcomments&post=711"}],"version-history":[{"count":0,"href":"https:\/\/eldiariorepublicamx.com\/index.php?rest_route=\/wp\/v2\/posts\/711\/revisions"}],"wp:featuredmedia":[{"embeddable":true,"href":"https:\/\/eldiariorepublicamx.com\/index.php?rest_route=\/wp\/v2\/media\/712"}],"wp:attachment":[{"href":"https:\/\/eldiariorepublicamx.com\/index.php?rest_route=%2Fwp%2Fv2%2Fmedia&parent=711"}],"wp:term":[{"taxonomy":"category","embeddable":true,"href":"https:\/\/eldiariorepublicamx.com\/index.php?rest_route=%2Fwp%2Fv2%2Fcategories&post=711"},{"taxonomy":"post_tag","embeddable":true,"href":"https:\/\/eldiariorepublicamx.com\/index.php?rest_route=%2Fwp%2Fv2%2Ftags&post=711"}],"curies":[{"name":"wp","href":"https:\/\/api.w.org\/{rel}","templated":true}]}}