{"id":709,"date":"2026-04-02T10:27:41","date_gmt":"2026-04-02T16:27:41","guid":{"rendered":"https:\/\/eldiariorepublicamx.com\/?p=709"},"modified":"2026-04-02T10:27:41","modified_gmt":"2026-04-02T16:27:41","slug":"presidenta-sheinbaum-designa-a-roberto-velasco-como-nuevo-canciller-para-fortalecer-relaciones-con-estados-unidos","status":"publish","type":"post","link":"https:\/\/eldiariorepublicamx.com\/?p=709","title":{"rendered":"Presidenta Sheinbaum designa a Roberto Velasco como nuevo canciller para fortalecer relaciones con Estados Unidos"},"content":{"rendered":"<p>La presidenta Claudia Sheinbaum anunci\u00f3 este mi\u00e9rcoles el nombramiento de Roberto Velasco, de 38 a\u00f1os, como el nuevo titular de la Secretar\u00eda de Relaciones Exteriores (SRE), convirti\u00e9ndose en el canciller m\u00e1s joven de M\u00e9xico en casi un siglo. Velasco, quien hasta ahora fung\u00eda como subsecretario para Am\u00e9rica del Norte, asume el cargo en sustituci\u00f3n de Juan Ram\u00f3n de la Fuente, quien deja el puesto por problemas de salud.<\/p>\n<h3>Una carrera ascendente y un desaf\u00edo prioritario<\/h3>\n<p>La designaci\u00f3n de Velasco, descrita por la mandataria como la incorporaci\u00f3n de &#8220;un joven&#8221; a la dependencia, refleja la valoraci\u00f3n de Sheinbaum por la solvencia t\u00e9cnica y el recambio generacional. El nuevo canciller inici\u00f3 su trayectoria pol\u00edtica en 2018 como director de comunicaci\u00f3n social bajo las \u00f3rdenes de Marcelo Ebrard, entonces secretario de Relaciones Exteriores. Desde entonces, ocup\u00f3 los cargos de director general para Am\u00e9rica del Norte, jefe de unidad, subsecretario y, de forma interina, encargado de despacho durante la convalecencia de De la Fuente.<\/p>\n<p>La presidenta destac\u00f3 las cualidades del abogado para el cargo: &#8220;No solamente es experto en las relaciones internacionales, particularmente con EE UU y Canad\u00e1 que es su principal funci\u00f3n, tiene mucho conocimiento de la pol\u00edtica exterior de M\u00e9xico y ha hecho un gran papel en la subsecretar\u00eda. Estoy muy contenta&#8221;.<\/p>\n<h3>Enfoque en la relaci\u00f3n con Estados Unidos y la contenci\u00f3n de Trump<\/h3>\n<p>El principal objetivo tras esta designaci\u00f3n es reforzar el Gabinete ante los desaf\u00edos que representa la administraci\u00f3n de Donald Trump en Estados Unidos, colocando en primera l\u00ednea a un perfil experimentado en ese frente. Velasco enfrentar\u00e1 el reto de liderar la diplomacia mexicana con las complejas negociaciones con el vecino del norte como m\u00e1xima prioridad.<\/p>\n<p>El nuevo canciller ya hab\u00eda desempe\u00f1ado un papel protag\u00f3nico en la relaci\u00f3n bilateral, participando en todas las llamadas telef\u00f3nicas entre ambos gobiernos y siendo enviado a Washington junto al zar de Seguridad, Omar Garc\u00eda Harfuch, en momentos cr\u00edticos. Fuentes cercanas al Gobierno indican que su nombramiento &#8220;supone hacer oficial un trabajo que Velasco ya ten\u00eda&#8221;.<\/p>\n<p>Entre las tareas urgentes se encuentra el combate contra el tr\u00e1fico de armas, una vieja demanda mexicana que ha cobrado mayor relevancia en el actual contexto bilateral. En septiembre pasado se logr\u00f3 un peque\u00f1o avance con la firma de un acuerdo bilateral para rastrear el flujo de armas hacia el sur, resultado de la visita del secretario de Estado estadounidense, Marco Rubio.<\/p>\n<h3>Una amplia agenda exterior y v\u00ednculos pol\u00edticos<\/h3>\n<p>Adem\u00e1s del v\u00ednculo con Estados Unidos, la agenda exterior que deber\u00e1 atender Velasco incluye la reanudaci\u00f3n de las relaciones diplom\u00e1ticas con Espa\u00f1a, pr\u00e1cticamente rotas desde 2019, y la posible formaci\u00f3n de un frente progresista regional junto con Brasil y Colombia. Una primera muestra de esta coordinaci\u00f3n fue la cr\u00edtica conjunta a la guerra en Ir\u00e1n.<\/p>\n<p>Roberto Velasco proviene de una familia de clase media de Ciudad de M\u00e9xico y comenz\u00f3 su actividad pol\u00edtica en 2008 como l\u00edder juvenil de Convergencia, partido que luego se convertir\u00eda en Movimiento Ciudadano. Tras estudiar una maestr\u00eda en Pol\u00edticas P\u00fablicas en Chicago y trabajar en la oficina del alcalde Rahm Emmanuel, regres\u00f3 a M\u00e9xico en 2018 para colaborar nuevamente con Marcelo Ebrard, ahora secretario de Econom\u00eda, con quien trabajar\u00e1 de cerca en las negociaciones para la renovaci\u00f3n del Tratado de Libre Comercio (TMEC).<\/p>\n","protected":false},"excerpt":{"rendered":"<p>La presidenta Claudia Sheinbaum anunci\u00f3 este mi\u00e9rcoles el nombramiento de Roberto Velasco, de 38 a\u00f1os, como el nuevo titular de la Secretar\u00eda de Relaciones Exteriores&hellip;<\/p>\n","protected":false},"author":2,"featured_media":710,"comment_status":"open","ping_status":"open","sticky":false,"template":"","format":"standard","meta":{"footnotes":""},"categories":[53,252],"tags":[607,13,205,160,606],"class_list":["post-709","post","type-post","status-publish","format-standard","has-post-thumbnail","hentry","category-agenda-internacional","category-agenda-nacional","tag-cancilleria","tag-claudia-sheinbaum","tag-estados-unidos","tag-relaciones-exteriores","tag-roberto-velasco"],"_links":{"self":[{"href":"https:\/\/eldiariorepublicamx.com\/index.php?rest_route=\/wp\/v2\/posts\/709","targetHints":{"allow":["GET"]}}],"collection":[{"href":"https:\/\/eldiariorepublicamx.com\/index.php?rest_route=\/wp\/v2\/posts"}],"about":[{"href":"https:\/\/eldiariorepublicamx.com\/index.php?rest_route=\/wp\/v2\/types\/post"}],"author":[{"embeddable":true,"href":"https:\/\/eldiariorepublicamx.com\/index.php?rest_route=\/wp\/v2\/users\/2"}],"replies":[{"embeddable":true,"href":"https:\/\/eldiariorepublicamx.com\/index.php?rest_route=%2Fwp%2Fv2%2Fcomments&post=709"}],"version-history":[{"count":0,"href":"https:\/\/eldiariorepublicamx.com\/index.php?rest_route=\/wp\/v2\/posts\/709\/revisions"}],"wp:featuredmedia":[{"embeddable":true,"href":"https:\/\/eldiariorepublicamx.com\/index.php?rest_route=\/wp\/v2\/media\/710"}],"wp:attachment":[{"href":"https:\/\/eldiariorepublicamx.com\/index.php?rest_route=%2Fwp%2Fv2%2Fmedia&parent=709"}],"wp:term":[{"taxonomy":"category","embeddable":true,"href":"https:\/\/eldiariorepublicamx.com\/index.php?rest_route=%2Fwp%2Fv2%2Fcategories&post=709"},{"taxonomy":"post_tag","embeddable":true,"href":"https:\/\/eldiariorepublicamx.com\/index.php?rest_route=%2Fwp%2Fv2%2Ftags&post=709"}],"curies":[{"name":"wp","href":"https:\/\/api.w.org\/{rel}","templated":true}]}}