{"id":705,"date":"2026-04-02T10:27:33","date_gmt":"2026-04-02T16:27:33","guid":{"rendered":"https:\/\/eldiariorepublicamx.com\/?p=705"},"modified":"2026-04-02T10:27:33","modified_gmt":"2026-04-02T16:27:33","slug":"encuentro-en-palacio-nacional-sheinbaum-dialoga-con-titular-de-fifa-sobre-mundial-2026","status":"publish","type":"post","link":"https:\/\/eldiariorepublicamx.com\/?p=705","title":{"rendered":"Encuentro en Palacio Nacional: Sheinbaum dialoga con titular de FIFA sobre Mundial 2026"},"content":{"rendered":"<p>La mandataria de M\u00e9xico, Claudia Sheinbaum, sostuvo una reuni\u00f3n este lunes en Palacio Nacional con el dirigente de la FIFA, Gianni Infantino, para abordar los preparativos de cara a la Copa Mundial de F\u00fatbol 2026.<\/p>\n<h3>Di\u00e1logo sobre organizaci\u00f3n mundialista<\/h3>\n<p>El encuentro se llev\u00f3 a cabo en la ma\u00f1ana del 30 de marzo de 2026 y tuvo como eje central la coordinaci\u00f3n y revisi\u00f3n de los detalles relacionados con la pr\u00f3xima justa futbol\u00edstica que ser\u00e1 organizada de manera conjunta por M\u00e9xico, Estados Unidos y Canad\u00e1.<\/p>\n<h3>Agenda de trabajo conjunto<\/h3>\n<p>La recepci\u00f3n del m\u00e1ximo representante del organismo rector del f\u00fatbol mundial por parte de la presidenta mexicana refleja el compromiso del gobierno federal con la exitosa realizaci\u00f3n del evento deportivo m\u00e1s importante del planeta, que se desarrollar\u00e1 en territorio nacional.<\/p>\n","protected":false},"excerpt":{"rendered":"<p>La mandataria de M\u00e9xico, Claudia Sheinbaum, sostuvo una reuni\u00f3n este lunes en Palacio Nacional con el dirigente de la FIFA, Gianni Infantino, para abordar los&hellip;<\/p>\n","protected":false},"author":2,"featured_media":706,"comment_status":"open","ping_status":"open","sticky":false,"template":"","format":"standard","meta":{"footnotes":""},"categories":[252],"tags":[13,452,454,120,17],"class_list":["post-705","post","type-post","status-publish","format-standard","has-post-thumbnail","hentry","category-agenda-nacional","tag-claudia-sheinbaum","tag-fifa","tag-gianni-infantino","tag-mundial-2026","tag-palacio-nacional"],"_links":{"self":[{"href":"https:\/\/eldiariorepublicamx.com\/index.php?rest_route=\/wp\/v2\/posts\/705","targetHints":{"allow":["GET"]}}],"collection":[{"href":"https:\/\/eldiariorepublicamx.com\/index.php?rest_route=\/wp\/v2\/posts"}],"about":[{"href":"https:\/\/eldiariorepublicamx.com\/index.php?rest_route=\/wp\/v2\/types\/post"}],"author":[{"embeddable":true,"href":"https:\/\/eldiariorepublicamx.com\/index.php?rest_route=\/wp\/v2\/users\/2"}],"replies":[{"embeddable":true,"href":"https:\/\/eldiariorepublicamx.com\/index.php?rest_route=%2Fwp%2Fv2%2Fcomments&post=705"}],"version-history":[{"count":0,"href":"https:\/\/eldiariorepublicamx.com\/index.php?rest_route=\/wp\/v2\/posts\/705\/revisions"}],"wp:featuredmedia":[{"embeddable":true,"href":"https:\/\/eldiariorepublicamx.com\/index.php?rest_route=\/wp\/v2\/media\/706"}],"wp:attachment":[{"href":"https:\/\/eldiariorepublicamx.com\/index.php?rest_route=%2Fwp%2Fv2%2Fmedia&parent=705"}],"wp:term":[{"taxonomy":"category","embeddable":true,"href":"https:\/\/eldiariorepublicamx.com\/index.php?rest_route=%2Fwp%2Fv2%2Fcategories&post=705"},{"taxonomy":"post_tag","embeddable":true,"href":"https:\/\/eldiariorepublicamx.com\/index.php?rest_route=%2Fwp%2Fv2%2Ftags&post=705"}],"curies":[{"name":"wp","href":"https:\/\/api.w.org\/{rel}","templated":true}]}}