{"id":703,"date":"2026-04-02T10:27:30","date_gmt":"2026-04-02T16:27:30","guid":{"rendered":"https:\/\/eldiariorepublicamx.com\/?p=703"},"modified":"2026-04-02T10:27:30","modified_gmt":"2026-04-02T16:27:30","slug":"presidenta-sheinbaum-exige-informe-sobre-investigacion-del-periodista-desaparecido-hace-mas-de-dos-decadas","status":"publish","type":"post","link":"https:\/\/eldiariorepublicamx.com\/?p=703","title":{"rendered":"Presidenta Sheinbaum exige informe sobre investigaci\u00f3n del periodista desaparecido hace m\u00e1s de dos d\u00e9cadas"},"content":{"rendered":"<p>La presidenta de M\u00e9xico, Claudia Sheinbaum, anunci\u00f3 que solicitar\u00e1 avances en la investigaci\u00f3n de la desaparici\u00f3n del periodista sonorense Alfredo Jim\u00e9nez Mota, a prop\u00f3sito de cumplirse 21 a\u00f1os del suceso este 2 de abril. Durante su conferencia de prensa del 31 de marzo, la mandataria federal indic\u00f3 que pedir\u00e1 un informe detallado tanto a la Fiscal\u00eda General de la Rep\u00fablica (FGR) como a la Comisi\u00f3n Nacional de B\u00fasqueda sobre el estado que guarda el caso.<\/p>\n<h3>Compromiso de b\u00fasqueda<\/h3>\n<p>Sheinbaum Pardo reiter\u00f3 el compromiso de su administraci\u00f3n de continuar con los esfuerzos para localizar al reportero originario de Empalme, Sonora, quien trabajaba para un medio impreso de circulaci\u00f3n estatal. <\/p>\n<blockquote><p>\u201cVamos a seguirlo buscando, por supuesto, y vamos a pedirle a la Comisi\u00f3n de B\u00fasqueda c\u00f3mo han avanzado y tambi\u00e9n a la Fiscal\u00eda General de la Rep\u00fablica\u201d,<\/p><\/blockquote>\n<p> expres\u00f3 la titular del Ejecutivo.<\/p>\n<p>Agreg\u00f3 que se solicitar\u00e1 a la fiscal general Ernestina Godoy Ramos un informe puntual sobre las l\u00edneas de investigaci\u00f3n que permanecen vigentes, para que sean dadas a conocer de manera general.<\/p>\n<h3>Antecedentes y reconocimiento de responsabilidad<\/h3>\n<p>En el a\u00f1o 2021, en Empalme, se llev\u00f3 a cabo la firma de un Acuerdo de Soluci\u00f3n Amistosa y un Acto P\u00fablico de Reconocimiento de Responsabilidad por parte del Estado Mexicano, con el objetivo de lograr una reparaci\u00f3n integral a los familiares del periodista por da\u00f1os materiales y morales. En ese momento, la Sociedad Interamericana de Prensa (SIP) se\u00f1al\u00f3 que el acuerdo no implicaba un cierre al caso, pues se mantendr\u00eda la exigencia de justicia y la b\u00fasqueda del paradero del reportero.<\/p>\n<p>En diciembre de 2021, el entonces subsecretario de Derechos Humanos, Poblaci\u00f3n y Migraci\u00f3n de la Secretar\u00eda de Gobernaci\u00f3n, Alejandro Encinas, ofreci\u00f3 una disculpa p\u00fablica en Empalme, reconociendo que el Estado no pudo garantizar la protecci\u00f3n integral del comunicador.<\/p>\n<h3>Hallazgos recientes descartados<\/h3>\n<p>En 2025, tras el hallazgo de restos humanos presuntamente pertenecientes al periodista, la Fiscal\u00eda General de Justicia del Estado de Sonora descart\u00f3, mediante pruebas, que el material gen\u00e9tico correspondiera a Alfredo Jim\u00e9nez Mota, por lo que los restos encontrados en Punta Chueca no fueron confirmados como suyos.<\/p>\n","protected":false},"excerpt":{"rendered":"<p>La presidenta de M\u00e9xico, Claudia Sheinbaum, anunci\u00f3 que solicitar\u00e1 avances en la investigaci\u00f3n de la desaparici\u00f3n del periodista sonorense Alfredo Jim\u00e9nez Mota, a prop\u00f3sito de&hellip;<\/p>\n","protected":false},"author":2,"featured_media":704,"comment_status":"open","ping_status":"open","sticky":false,"template":"","format":"standard","meta":{"footnotes":""},"categories":[252,290],"tags":[600,13,601,602,603],"class_list":["post-703","post","type-post","status-publish","format-standard","has-post-thumbnail","hentry","category-agenda-nacional","category-sociedad-y-cultura","tag-alfredo-jimenez-mota","tag-claudia-sheinbaum","tag-desaparicion","tag-periodista","tag-sonora"],"_links":{"self":[{"href":"https:\/\/eldiariorepublicamx.com\/index.php?rest_route=\/wp\/v2\/posts\/703","targetHints":{"allow":["GET"]}}],"collection":[{"href":"https:\/\/eldiariorepublicamx.com\/index.php?rest_route=\/wp\/v2\/posts"}],"about":[{"href":"https:\/\/eldiariorepublicamx.com\/index.php?rest_route=\/wp\/v2\/types\/post"}],"author":[{"embeddable":true,"href":"https:\/\/eldiariorepublicamx.com\/index.php?rest_route=\/wp\/v2\/users\/2"}],"replies":[{"embeddable":true,"href":"https:\/\/eldiariorepublicamx.com\/index.php?rest_route=%2Fwp%2Fv2%2Fcomments&post=703"}],"version-history":[{"count":0,"href":"https:\/\/eldiariorepublicamx.com\/index.php?rest_route=\/wp\/v2\/posts\/703\/revisions"}],"wp:featuredmedia":[{"embeddable":true,"href":"https:\/\/eldiariorepublicamx.com\/index.php?rest_route=\/wp\/v2\/media\/704"}],"wp:attachment":[{"href":"https:\/\/eldiariorepublicamx.com\/index.php?rest_route=%2Fwp%2Fv2%2Fmedia&parent=703"}],"wp:term":[{"taxonomy":"category","embeddable":true,"href":"https:\/\/eldiariorepublicamx.com\/index.php?rest_route=%2Fwp%2Fv2%2Fcategories&post=703"},{"taxonomy":"post_tag","embeddable":true,"href":"https:\/\/eldiariorepublicamx.com\/index.php?rest_route=%2Fwp%2Fv2%2Ftags&post=703"}],"curies":[{"name":"wp","href":"https:\/\/api.w.org\/{rel}","templated":true}]}}