{"id":699,"date":"2026-04-02T10:27:26","date_gmt":"2026-04-02T16:27:26","guid":{"rendered":"https:\/\/eldiariorepublicamx.com\/?p=699"},"modified":"2026-04-02T10:27:26","modified_gmt":"2026-04-02T16:27:26","slug":"sheinbaum-propone-modificacion-constitucional-para-federalizar-el-combate-al-feminicidio","status":"publish","type":"post","link":"https:\/\/eldiariorepublicamx.com\/?p=699","title":{"rendered":"Sheinbaum propone modificaci\u00f3n constitucional para federalizar el combate al feminicidio"},"content":{"rendered":"<p>La presidenta Claudia Sheinbaum present\u00f3 una iniciativa para reformar la Constituci\u00f3n, con el objetivo de transferir al Congreso de la Uni\u00f3n la facultad de legislar sobre el delito de feminicidio, un tema que actualmente es competencia exclusiva de los congresos estatales.<\/p>\n<h3>Objetivo de la reforma<\/h3>\n<p>El prop\u00f3sito central de esta propuesta es la creaci\u00f3n de una Ley General en la materia, que servir\u00eda como marco para que todas las legislaciones locales se alineen a los criterios que establezca el \u00f3rgano federal.<\/p>\n<p>La iniciativa enviada ayer no constituye la ley general en s\u00ed misma, sino el primer paso constitucional necesario para que el Congreso Federal pueda expedirla posteriormente.<\/p>\n<h3>Proceso legislativo y homologaci\u00f3n<\/h3>\n<p>Una vez aprobada la reforma a la carta magna, se proceder\u00eda a la elaboraci\u00f3n y promulgaci\u00f3n de la ley general. Solo despu\u00e9s de este paso, los estados estar\u00edan obligados a adaptar sus c\u00f3digos y leyes locales a lo dispuesto en la normativa federal.<\/p>\n<p>Si bien esto implica que los estados ceder\u00e1n otra facultad legislativa, la finalidad es homologar los criterios de investigaci\u00f3n y las sanciones aplicables a estos cr\u00edmenes en todo el territorio nacional.<\/p>\n","protected":false},"excerpt":{"rendered":"<p>La presidenta Claudia Sheinbaum present\u00f3 una iniciativa para reformar la Constituci\u00f3n, con el objetivo de transferir al Congreso de la Uni\u00f3n la facultad de legislar&hellip;<\/p>\n","protected":false},"author":2,"featured_media":700,"comment_status":"open","ping_status":"open","sticky":false,"template":"","format":"standard","meta":{"footnotes":""},"categories":[252],"tags":[13,352,292,597,596],"class_list":["post-699","post","type-post","status-publish","format-standard","has-post-thumbnail","hentry","category-agenda-nacional","tag-claudia-sheinbaum","tag-congreso-de-la-union","tag-feminicidio","tag-ley-general","tag-reforma-constitucional"],"_links":{"self":[{"href":"https:\/\/eldiariorepublicamx.com\/index.php?rest_route=\/wp\/v2\/posts\/699","targetHints":{"allow":["GET"]}}],"collection":[{"href":"https:\/\/eldiariorepublicamx.com\/index.php?rest_route=\/wp\/v2\/posts"}],"about":[{"href":"https:\/\/eldiariorepublicamx.com\/index.php?rest_route=\/wp\/v2\/types\/post"}],"author":[{"embeddable":true,"href":"https:\/\/eldiariorepublicamx.com\/index.php?rest_route=\/wp\/v2\/users\/2"}],"replies":[{"embeddable":true,"href":"https:\/\/eldiariorepublicamx.com\/index.php?rest_route=%2Fwp%2Fv2%2Fcomments&post=699"}],"version-history":[{"count":0,"href":"https:\/\/eldiariorepublicamx.com\/index.php?rest_route=\/wp\/v2\/posts\/699\/revisions"}],"wp:featuredmedia":[{"embeddable":true,"href":"https:\/\/eldiariorepublicamx.com\/index.php?rest_route=\/wp\/v2\/media\/700"}],"wp:attachment":[{"href":"https:\/\/eldiariorepublicamx.com\/index.php?rest_route=%2Fwp%2Fv2%2Fmedia&parent=699"}],"wp:term":[{"taxonomy":"category","embeddable":true,"href":"https:\/\/eldiariorepublicamx.com\/index.php?rest_route=%2Fwp%2Fv2%2Fcategories&post=699"},{"taxonomy":"post_tag","embeddable":true,"href":"https:\/\/eldiariorepublicamx.com\/index.php?rest_route=%2Fwp%2Fv2%2Ftags&post=699"}],"curies":[{"name":"wp","href":"https:\/\/api.w.org\/{rel}","templated":true}]}}