{"id":697,"date":"2026-04-02T08:27:39","date_gmt":"2026-04-02T14:27:39","guid":{"rendered":"https:\/\/eldiariorepublicamx.com\/?p=697"},"modified":"2026-04-02T08:27:39","modified_gmt":"2026-04-02T14:27:39","slug":"gobernador-de-tamaulipas-entrega-viviendas-durante-miercoles-de-vivienda-y-anuncia-cambios-en-la-fiscalia-estatal","status":"publish","type":"post","link":"https:\/\/eldiariorepublicamx.com\/?p=697","title":{"rendered":"Gobernador de Tamaulipas entrega viviendas durante Mi\u00e9rcoles de Vivienda y anuncia cambios en la Fiscal\u00eda estatal"},"content":{"rendered":"<p>En el marco del programa Mi\u00e9rcoles de Vivienda, el gobernador de Tamaulipas, Am\u00e9rico Villarreal Anaya, entreg\u00f3 casi cien viviendas del Bienestar a familias del poblado de Higuerillas en Matamoros, acto que cont\u00f3 con la presencia de la representante de la presidenta Claudia Sheinbaum, Edna Elena Vega Rangel.<\/p>\n<h3>Transformaci\u00f3n en la Fiscal\u00eda de Tamaulipas<\/h3>\n<p>Paralelamente, el fiscal general de Justicia del estado, Jes\u00fas E. Govea Orozco, impulsa una reorganizaci\u00f3n interna de la dependencia con nuevos nombramientos clave, buscando resultados y reducci\u00f3n de la burocracia heredada.<\/p>\n<p>Entre los cambios destacan el nombramiento de Jorge Luis Pedraza Ahumada como coordinador de la Oficina del Fiscal General y la designaci\u00f3n de Aida Nohem\u00ed M\u00e1rquez de la Cerda al frente de la Fiscal\u00eda Especializada en Delitos contra Ni\u00f1as, Ni\u00f1os, Adolescentes y Mujeres.<\/p>\n<h3>Beneficios fiscales y reformas institucionales<\/h3>\n<p>El gobierno estatal tambi\u00e9n anunci\u00f3 una serie de acuerdos publicados en el Peri\u00f3dico Oficial que otorgan beneficios fiscales a la poblaci\u00f3n, como un subsidio del 30% en derechos de control vehicular durante abril y mayo de 2026 para quienes solo adeuden el ejercicio fiscal de este a\u00f1o.<\/p>\n<p>Se public\u00f3 asimismo la reforma de la estructura del Instituto Tamaulipeco para la Cultura y las Artes y un decreto que elimina el Centro de An\u00e1lisis, Informaci\u00f3n y Estudios de Tamaulipas (CAIET).<\/p>\n<p>El gobernador Villarreal Anaya enfatiz\u00f3 que estas acciones de vivienda y alivio fiscal son las que transforman y mejoran el bienestar de las personas, mostrando el avance de la entidad con el respaldo de la presidenta Sheinbaum.<\/p>\n","protected":false},"excerpt":{"rendered":"<p>En el marco del programa Mi\u00e9rcoles de Vivienda, el gobernador de Tamaulipas, Am\u00e9rico Villarreal Anaya, entreg\u00f3 casi cien viviendas del Bienestar a familias del poblado&hellip;<\/p>\n","protected":false},"author":2,"featured_media":698,"comment_status":"open","ping_status":"open","sticky":false,"template":"","format":"standard","meta":{"footnotes":""},"categories":[251],"tags":[595,13,248,301,594],"class_list":["post-697","post","type-post","status-publish","format-standard","has-post-thumbnail","hentry","category-la-mananera-en-breve","tag-americo-villarreal","tag-claudia-sheinbaum","tag-fiscalia","tag-tamaulipas","tag-vivienda"],"_links":{"self":[{"href":"https:\/\/eldiariorepublicamx.com\/index.php?rest_route=\/wp\/v2\/posts\/697","targetHints":{"allow":["GET"]}}],"collection":[{"href":"https:\/\/eldiariorepublicamx.com\/index.php?rest_route=\/wp\/v2\/posts"}],"about":[{"href":"https:\/\/eldiariorepublicamx.com\/index.php?rest_route=\/wp\/v2\/types\/post"}],"author":[{"embeddable":true,"href":"https:\/\/eldiariorepublicamx.com\/index.php?rest_route=\/wp\/v2\/users\/2"}],"replies":[{"embeddable":true,"href":"https:\/\/eldiariorepublicamx.com\/index.php?rest_route=%2Fwp%2Fv2%2Fcomments&post=697"}],"version-history":[{"count":0,"href":"https:\/\/eldiariorepublicamx.com\/index.php?rest_route=\/wp\/v2\/posts\/697\/revisions"}],"wp:featuredmedia":[{"embeddable":true,"href":"https:\/\/eldiariorepublicamx.com\/index.php?rest_route=\/wp\/v2\/media\/698"}],"wp:attachment":[{"href":"https:\/\/eldiariorepublicamx.com\/index.php?rest_route=%2Fwp%2Fv2%2Fmedia&parent=697"}],"wp:term":[{"taxonomy":"category","embeddable":true,"href":"https:\/\/eldiariorepublicamx.com\/index.php?rest_route=%2Fwp%2Fv2%2Fcategories&post=697"},{"taxonomy":"post_tag","embeddable":true,"href":"https:\/\/eldiariorepublicamx.com\/index.php?rest_route=%2Fwp%2Fv2%2Ftags&post=697"}],"curies":[{"name":"wp","href":"https:\/\/api.w.org\/{rel}","templated":true}]}}