{"id":695,"date":"2026-04-02T08:27:38","date_gmt":"2026-04-02T14:27:38","guid":{"rendered":"https:\/\/eldiariorepublicamx.com\/?p=695"},"modified":"2026-04-02T08:27:38","modified_gmt":"2026-04-02T14:27:38","slug":"papa-leon-xiv-encabezara-el-viacrucis-en-el-coliseo-y-cargara-personalmente-la-cruz-este-viernes-santo","status":"publish","type":"post","link":"https:\/\/eldiariorepublicamx.com\/?p=695","title":{"rendered":"Papa Le\u00f3n XIV encabezar\u00e1 el Viacrucis en el Coliseo y cargar\u00e1 personalmente la cruz este Viernes Santo"},"content":{"rendered":"<p>El Papa Le\u00f3n XIV presidir\u00e1 la celebraci\u00f3n del Viacrucis en el Coliseo de Roma este pr\u00f3ximo viernes 3 de abril y, en un acto personal, cargar\u00e1 \u00e9l mismo la cruz a lo largo de las catorce estaciones, marcando su primer Viernes Santo como pont\u00edfice.<\/p>\n<h3>Un gesto de profundo significado<\/h3>\n<p>La decisi\u00f3n del sucesor de Pedro no es solo un gesto simb\u00f3lico, sino una imagen poderosa que busca identificarse plenamente con el camino de la Pasi\u00f3n de Cristo. Este acto se llevar\u00e1 a cabo en el antiguo Anfiteatro Flavio, un lugar hist\u00f3ricamente vinculado a los martirios cristianos.<\/p>\n<p>Se espera que este momento deje una marca imborrable en los inicios de su ministerio petrino, evocando la tradici\u00f3n de papas anteriores como Juan Pablo II y Benedicto XVI, quienes realizaron gestos similares al comienzo de sus pontificados.<\/p>\n<h3>Cambio en la tradici\u00f3n reciente<\/h3>\n<p>La acci\u00f3n representa un cambio respecto a los \u00faltimos a\u00f1os, donde distintos grupos de fieles se turnaban para llevar la cruz durante el recorrido. En esta ocasi\u00f3n, Le\u00f3n XIV ha optado por cargarla personalmente durante todo el viacrucis.<\/p>\n","protected":false},"excerpt":{"rendered":"<p>El Papa Le\u00f3n XIV presidir\u00e1 la celebraci\u00f3n del Viacrucis en el Coliseo de Roma este pr\u00f3ximo viernes 3 de abril y, en un acto personal,&hellip;<\/p>\n","protected":false},"author":2,"featured_media":696,"comment_status":"open","ping_status":"open","sticky":false,"template":"","format":"standard","meta":{"footnotes":""},"categories":[251],"tags":[593,588,590,589,592,591],"class_list":["post-695","post","type-post","status-publish","format-standard","has-post-thumbnail","hentry","category-la-mananera-en-breve","tag-coliseo","tag-papa-leon-xiv","tag-roma","tag-vaticano","tag-viacrucis","tag-viernes-santo"],"_links":{"self":[{"href":"https:\/\/eldiariorepublicamx.com\/index.php?rest_route=\/wp\/v2\/posts\/695","targetHints":{"allow":["GET"]}}],"collection":[{"href":"https:\/\/eldiariorepublicamx.com\/index.php?rest_route=\/wp\/v2\/posts"}],"about":[{"href":"https:\/\/eldiariorepublicamx.com\/index.php?rest_route=\/wp\/v2\/types\/post"}],"author":[{"embeddable":true,"href":"https:\/\/eldiariorepublicamx.com\/index.php?rest_route=\/wp\/v2\/users\/2"}],"replies":[{"embeddable":true,"href":"https:\/\/eldiariorepublicamx.com\/index.php?rest_route=%2Fwp%2Fv2%2Fcomments&post=695"}],"version-history":[{"count":0,"href":"https:\/\/eldiariorepublicamx.com\/index.php?rest_route=\/wp\/v2\/posts\/695\/revisions"}],"wp:featuredmedia":[{"embeddable":true,"href":"https:\/\/eldiariorepublicamx.com\/index.php?rest_route=\/wp\/v2\/media\/696"}],"wp:attachment":[{"href":"https:\/\/eldiariorepublicamx.com\/index.php?rest_route=%2Fwp%2Fv2%2Fmedia&parent=695"}],"wp:term":[{"taxonomy":"category","embeddable":true,"href":"https:\/\/eldiariorepublicamx.com\/index.php?rest_route=%2Fwp%2Fv2%2Fcategories&post=695"},{"taxonomy":"post_tag","embeddable":true,"href":"https:\/\/eldiariorepublicamx.com\/index.php?rest_route=%2Fwp%2Fv2%2Ftags&post=695"}],"curies":[{"name":"wp","href":"https:\/\/api.w.org\/{rel}","templated":true}]}}