{"id":692,"date":"2026-04-01T16:39:14","date_gmt":"2026-04-01T22:39:14","guid":{"rendered":"https:\/\/eldiariorepublicamx.com\/?p=692"},"modified":"2026-04-01T16:39:15","modified_gmt":"2026-04-01T22:39:15","slug":"volar-ya-no-es-solo-para-quien-puede-pagarlo-mexicana-de-aviacion-lleva-casi-un-millon-de-mexicanos-a-su-destino","status":"publish","type":"post","link":"https:\/\/eldiariorepublicamx.com\/?p=692","title":{"rendered":"Volar ya no es solo para quien puede pagarlo; Mexicana de Aviaci\u00f3n lleva casi un mill\u00f3n de mexicanos a su destino"},"content":{"rendered":"\n<p><strong>A dos a\u00f1os de su arranque, Mexicana de Aviaci\u00f3n presenta resultados que importan. La Presidenta Claudia Sheinbaum y el director general Leobardo \u00c1vila Boj\u00f3rquez presentaron hoy en La Ma\u00f1anera los n\u00fameros: m\u00e1s de un mill\u00f3n de boletos vendidos, nuevas rutas y precios que permiten que m\u00e1s familias mexicanas puedan viajar.<\/strong><\/p>\n\n\n\n<p>Durante a\u00f1os, viajar en avi\u00f3n estuvo fuera del alcance de millones de familias mexicanas. Boletos caros, rutas que no llegaban a todos lados y aeropuertos lejanos hac\u00edan del vuelo algo reservado para quienes pod\u00edan pagarlo.<\/p>\n\n\n\n<p>Hoy, la Presidenta Claudia Sheinbaum y Leobardo \u00c1vila Boj\u00f3rquez, director general de Mexicana de Aviaci\u00f3n, presentaron en La Ma\u00f1anera del Pueblo los n\u00fameros que demuestran que eso est\u00e1 cambiando.<\/p>\n\n\n\n<h3 class=\"wp-block-heading\"><strong>Los resultados que importan<\/strong><\/h3>\n\n\n\n<p>Desde que inici\u00f3 operaciones, la aerol\u00ednea ha vendido m\u00e1s de <strong>un mill\u00f3n 22 mil boletos<\/strong> y transportado cerca de <strong>953 mil pasajeros<\/strong> en todo el pa\u00eds. \u00c1vila Boj\u00f3rquez destac\u00f3 que todo esto opera desde el AIFA, conectando <strong>14 destinos nacionales<\/strong> e impulsando regiones que antes no ten\u00edan vuelos directos, como Palenque, Ixtepec o Ciudad Victoria, a donde ninguna otra aerol\u00ednea llega.<\/p>\n\n\n\n<p>Sheinbaum lo subray\u00f3: Mexicana fue creada para que familias que antes no pod\u00edan pagar un boleto de avi\u00f3n ahora puedan hacerlo. Puedes comprar en <strong>mexicana.gob.mx<\/strong>, en la app para iOS y Android, o en m\u00e1s de 50 plataformas como Expedia y Despegar. Tambi\u00e9n tienen paquetes que incluyen vuelo y hotel.<\/p>\n\n\n\n<h3 class=\"wp-block-heading\"><strong>Para esta Semana Santa, m\u00e1s opciones para tu familia<\/strong><\/h3>\n\n\n\n<p>Para el periodo del 27 de marzo al 13 de abril, la aerol\u00ednea program\u00f3 <strong>402 vuelos<\/strong>, un aumento del <strong>35%<\/strong> respecto al a\u00f1o anterior, con destinos de playa, ciudad y aventura. Si est\u00e1s pensando en escaparte estos d\u00edas, es buen momento para revisar opciones desde el AIFA.<\/p>\n\n\n\n<h3 class=\"wp-block-heading\"><strong>Lo que viene este a\u00f1o<\/strong><\/h3>\n\n\n\n<p>\u00c1vila Boj\u00f3rquez confirm\u00f3 que en junio abre la ruta <strong>AIFA-Acapulco<\/strong> y en julio la de <strong>AIFA-Hermosillo<\/strong>. Para 2026 llegar\u00e1n <strong>7 aeronaves nuevas<\/strong>, la primera en mayo, con lo que la flota llegar\u00e1 a <strong>12 aviones<\/strong> para fin de a\u00f1o. En 2027 se sumar\u00e1n <strong>8 m\u00e1s<\/strong>, acercando a Mexicana a una flota de 20 aeronaves.<\/p>\n\n\n\n<p>El AIFA lleva <strong>18.6 millones de pasajeros<\/strong> en cuatro a\u00f1os y desde 2024 se financia con sus propios ingresos. De cara al Mundial 2026, Sheinbaum confirm\u00f3 el acuerdo del AIFA con la FIFA para recibir selecciones y directivos. Una aerol\u00ednea que crece, un aeropuerto que funciona,&nbsp; y cada vez m\u00e1s familias mexicanas viajando.<\/p>\n","protected":false},"excerpt":{"rendered":"<p>A dos a\u00f1os de su arranque, Mexicana de Aviaci\u00f3n presenta resultados que importan. La Presidenta Claudia Sheinbaum y el director general Leobardo \u00c1vila Boj\u00f3rquez presentaron&hellip;<\/p>\n","protected":false},"author":5,"featured_media":693,"comment_status":"open","ping_status":"open","sticky":false,"template":"","format":"standard","meta":{"footnotes":""},"categories":[1],"tags":[13,45,18,288],"class_list":["post-692","post","type-post","status-publish","format-standard","has-post-thumbnail","hentry","category-sin-seccion","tag-claudia-sheinbaum","tag-mexico","tag-morena","tag-sheinbaum"],"_links":{"self":[{"href":"https:\/\/eldiariorepublicamx.com\/index.php?rest_route=\/wp\/v2\/posts\/692","targetHints":{"allow":["GET"]}}],"collection":[{"href":"https:\/\/eldiariorepublicamx.com\/index.php?rest_route=\/wp\/v2\/posts"}],"about":[{"href":"https:\/\/eldiariorepublicamx.com\/index.php?rest_route=\/wp\/v2\/types\/post"}],"author":[{"embeddable":true,"href":"https:\/\/eldiariorepublicamx.com\/index.php?rest_route=\/wp\/v2\/users\/5"}],"replies":[{"embeddable":true,"href":"https:\/\/eldiariorepublicamx.com\/index.php?rest_route=%2Fwp%2Fv2%2Fcomments&post=692"}],"version-history":[{"count":1,"href":"https:\/\/eldiariorepublicamx.com\/index.php?rest_route=\/wp\/v2\/posts\/692\/revisions"}],"predecessor-version":[{"id":694,"href":"https:\/\/eldiariorepublicamx.com\/index.php?rest_route=\/wp\/v2\/posts\/692\/revisions\/694"}],"wp:featuredmedia":[{"embeddable":true,"href":"https:\/\/eldiariorepublicamx.com\/index.php?rest_route=\/wp\/v2\/media\/693"}],"wp:attachment":[{"href":"https:\/\/eldiariorepublicamx.com\/index.php?rest_route=%2Fwp%2Fv2%2Fmedia&parent=692"}],"wp:term":[{"taxonomy":"category","embeddable":true,"href":"https:\/\/eldiariorepublicamx.com\/index.php?rest_route=%2Fwp%2Fv2%2Fcategories&post=692"},{"taxonomy":"post_tag","embeddable":true,"href":"https:\/\/eldiariorepublicamx.com\/index.php?rest_route=%2Fwp%2Fv2%2Ftags&post=692"}],"curies":[{"name":"wp","href":"https:\/\/api.w.org\/{rel}","templated":true}]}}