{"id":677,"date":"2026-04-01T10:28:43","date_gmt":"2026-04-01T16:28:43","guid":{"rendered":"https:\/\/eldiariorepublicamx.com\/?p=677"},"modified":"2026-04-01T10:28:43","modified_gmt":"2026-04-01T16:28:43","slug":"sheinbaum-aborda-movilidad-en-el-azteca-y-nombra-nuevo-titular-de-aduanas-durante-la-conferencia-matutina","status":"publish","type":"post","link":"https:\/\/eldiariorepublicamx.com\/?p=677","title":{"rendered":"Sheinbaum aborda movilidad en el Azteca y nombra nuevo titular de Aduanas durante la conferencia matutina"},"content":{"rendered":"<p>La presidenta Claudia Sheinbaum ofreci\u00f3 su conferencia matutina este mi\u00e9rcoles 1 de abril desde el Sal\u00f3n de la Tesorer\u00eda, donde anunci\u00f3 apoyo federal para mejorar el acceso al Estadio Azteca y confirm\u00f3 un relevo en la agencia de aduanas.<\/p>\n<h3>Apoyo federal para la movilidad en el estadio<\/h3>\n<p>La mandataria inform\u00f3 que el gobierno federal brindar\u00e1 ayuda al gobierno de la Ciudad de M\u00e9xico para resolver los problemas de movilidad que se presentaron durante la inauguraci\u00f3n del Estadio Azteca el pasado fin de semana. Sheinbaum se\u00f1al\u00f3 que se trabajar\u00e1 para mejorar la conectividad y el acceso para los visitantes.<\/p>\n<blockquote><p>&#8220;Vamos a apoyar en el gobierno de la ciudad para que haya mayor conectividad, para los visitantes y ayudar en algunos problemas que normalmente pasan para poder acceder al estadio, tambi\u00e9n vamos a sentarnos para ver de qu\u00e9 manera se puede apoyar&#8221;.<\/p><\/blockquote>\n<h3>Cambio en la direcci\u00f3n de Aduanas<\/h3>\n<p>Durante la ma\u00f1anera tambi\u00e9n se confirm\u00f3 la salida de Rafael Mar\u00edn Mollinedo de la direcci\u00f3n de la Agencia Nacional de Aduanas de M\u00e9xico. Sheinbaum explic\u00f3 que su renuncia fue acordada previamente y que ser\u00e1 reasignado como delegado en Yucat\u00e1n.<\/p>\n<blockquote><p>&#8220;Rafael Mar\u00edn Mollinedo dej\u00f3 la agencia nacional de aduanas, \u00e9l me dijo que se quer\u00eda quedar exclusivamente un a\u00f1o, que se qued\u00f3 un a\u00f1o, de hecho se qued\u00f3 un poquito m\u00e1s, entonces nos va a ayudar en Yucat\u00e1n como delegado, sea de bienestar o de gobernaci\u00f3n, \u00e9l vive en Quintana Roo, se va a Yucat\u00e1n para todos aquellos que dice que es por motivos electorales, no&#8221;.<\/p><\/blockquote>\n<p>La presidenta anunci\u00f3 que H\u00e9ctor Alonso Romero Guti\u00e9rrez, quien se desempe\u00f1aba en la agencia digital, asumir\u00e1 el cargo vacante, destacando su juventud y experiencia previa en el sector aduanal.<\/p>\n<h3>Horario de la conferencia presidencial<\/h3>\n<p>La transmisi\u00f3n de la conferencia matutina, conocida com\u00fanmente como &#8216;la ma\u00f1anera&#8217;, inici\u00f3 a las 7:30 horas tiempo del centro de M\u00e9xico y tuvo una duraci\u00f3n aproximada de dos horas.<\/p>\n","protected":false},"excerpt":{"rendered":"<p>La presidenta Claudia Sheinbaum ofreci\u00f3 su conferencia matutina este mi\u00e9rcoles 1 de abril desde el Sal\u00f3n de la Tesorer\u00eda, donde anunci\u00f3 apoyo federal para mejorar&hellip;<\/p>\n","protected":false},"author":2,"featured_media":678,"comment_status":"open","ping_status":"open","sticky":false,"template":"","format":"standard","meta":{"footnotes":""},"categories":[251],"tags":[576,13,553,404,574],"class_list":["post-677","post","type-post","status-publish","format-standard","has-post-thumbnail","hentry","category-la-mananera-en-breve","tag-aduanas","tag-claudia-sheinbaum","tag-estadio-azteca","tag-mananera","tag-rafael-marin-mollinedo"],"_links":{"self":[{"href":"https:\/\/eldiariorepublicamx.com\/index.php?rest_route=\/wp\/v2\/posts\/677","targetHints":{"allow":["GET"]}}],"collection":[{"href":"https:\/\/eldiariorepublicamx.com\/index.php?rest_route=\/wp\/v2\/posts"}],"about":[{"href":"https:\/\/eldiariorepublicamx.com\/index.php?rest_route=\/wp\/v2\/types\/post"}],"author":[{"embeddable":true,"href":"https:\/\/eldiariorepublicamx.com\/index.php?rest_route=\/wp\/v2\/users\/2"}],"replies":[{"embeddable":true,"href":"https:\/\/eldiariorepublicamx.com\/index.php?rest_route=%2Fwp%2Fv2%2Fcomments&post=677"}],"version-history":[{"count":0,"href":"https:\/\/eldiariorepublicamx.com\/index.php?rest_route=\/wp\/v2\/posts\/677\/revisions"}],"wp:featuredmedia":[{"embeddable":true,"href":"https:\/\/eldiariorepublicamx.com\/index.php?rest_route=\/wp\/v2\/media\/678"}],"wp:attachment":[{"href":"https:\/\/eldiariorepublicamx.com\/index.php?rest_route=%2Fwp%2Fv2%2Fmedia&parent=677"}],"wp:term":[{"taxonomy":"category","embeddable":true,"href":"https:\/\/eldiariorepublicamx.com\/index.php?rest_route=%2Fwp%2Fv2%2Fcategories&post=677"},{"taxonomy":"post_tag","embeddable":true,"href":"https:\/\/eldiariorepublicamx.com\/index.php?rest_route=%2Fwp%2Fv2%2Ftags&post=677"}],"curies":[{"name":"wp","href":"https:\/\/api.w.org\/{rel}","templated":true}]}}