{"id":675,"date":"2026-04-01T10:28:43","date_gmt":"2026-04-01T16:28:43","guid":{"rendered":"https:\/\/eldiariorepublicamx.com\/?p=675"},"modified":"2026-04-01T10:28:43","modified_gmt":"2026-04-01T16:28:43","slug":"durante-la-conferencia-matutina-la-presidenta-sheinbaum-anuncia-relevo-en-la-direccion-de-aduanas","status":"publish","type":"post","link":"https:\/\/eldiariorepublicamx.com\/?p=675","title":{"rendered":"Durante la conferencia matutina, la Presidenta Sheinbaum anuncia relevo en la direcci\u00f3n de Aduanas"},"content":{"rendered":"<p>Desde Palacio Nacional, la presidenta Claudia Sheinbaum inform\u00f3 sobre un cambio en la titularidad de la Agencia Nacional de Aduanas de M\u00e9xico. Rafael Mar\u00edn Mollinedo deja el cargo para asumir una nueva responsabilidad como delegado del gobierno federal en Yucat\u00e1n, mientras que H\u00e9ctor Alonso Romero Guti\u00e9rrez ser\u00e1 su sucesor al frente de la dependencia.<\/p>\n<h3>Movimiento programado y reconocimiento a la gesti\u00f3n<\/h3>\n<p>La mandataria explic\u00f3 que Mar\u00edn Mollinedo le hab\u00eda solicitado permanecer en la direcci\u00f3n de Aduanas \u00fanicamente por un a\u00f1o, periodo que ya hab\u00eda sido superado. &#8220;Ya, de hecho, llevaba un poquito m\u00e1s&#8221;, coment\u00f3 Sheinbaum durante su conferencia La Ma\u00f1anera del Pueblo. Desminti\u00f3 cualquier especulaci\u00f3n sobre motivos pol\u00edticos detr\u00e1s del cambio, destacando que el funcionario no realiz\u00f3 una mala labor, sino todo lo contrario.<\/p>\n<blockquote><p>\u201cHizo un extraordinario papel Aduanas. Aument\u00f3 su recaudaci\u00f3n de una manera impresionante en el a\u00f1o 2025. Y se cumple el tiempo que \u00e9l me hab\u00eda pedido que me ayudaba, que se mov\u00eda a otro lugar y va a estar ayud\u00e1ndonos en Yucat\u00e1n en distintas \u00e1reas del gobierno de M\u00e9xico\u201d, se\u00f1al\u00f3 Sheinbaum.<\/p><\/blockquote>\n<p>Agreg\u00f3 que, al vivir en Quintana Roo, su nuevo destino en Yucat\u00e1n ser\u00e1 cercano, desempe\u00f1\u00e1ndose como delegado de Bienestar o de Gobernaci\u00f3n.<\/p>\n<h3>El perfil del nuevo titular<\/h3>\n<p>H\u00e9ctor Alonso Romero Guti\u00e9rrez, quien hasta ahora se desempe\u00f1aba en la Agencia de Transformaci\u00f3n Digital, fue presentado como el nuevo director general de la ANAM. Sheinbaum lo describi\u00f3 como un profesional joven pero con una larga trayectoria y experiencia cercana a los procesos aduaneros, espec\u00edficamente en su transformaci\u00f3n digital.<\/p>\n<p>Su formaci\u00f3n acad\u00e9mica incluye una maestr\u00eda en Finanzas y Mercados Energ\u00e9ticos por la Universidad de Edimburgo, un t\u00edtulo de ingeniero en Desarrollo Sostenible por el Tecnol\u00f3gico de Monterrey y un diplomado en Competencia Econ\u00f3mica por el CIDE. Su experiencia laboral previa abarca cargos como director general de Pol\u00edtica de Telecomunicaciones en la Agencia de Transformaci\u00f3n Digital, consultor experto del Banco Interamericano de Desarrollo, subdirector de Estrategia Comercial en la CFE y profesor en el Tec de Monterrey campus Ciudad de M\u00e9xico.<\/p>\n<h3>Los retos de la nueva administraci\u00f3n<\/h3>\n<p>La presidenta enfatiz\u00f3 las responsabilidades que recaen sobre el nuevo funcionario. &#8220;\u00c9l tiene la responsabilidad, primero, de seguir aumentando la recaudaci\u00f3n en aduanas, que todav\u00eda hay un espacio importante, pero tiene la responsabilidad principal de todos los procesos de digitalizaci\u00f3n en aduanas y de incorporaci\u00f3n de las nuevas tecnolog\u00edas a las aduanas de M\u00e9xico&#8221;, explic\u00f3.<\/p>\n<p>Con este movimiento, el gobierno federal busca mantener el impulso en la recaudaci\u00f3n aduanera logrado en 2025 y acelerar la modernizaci\u00f3n tecnol\u00f3gica de estas instalaciones.<\/p>\n","protected":false},"excerpt":{"rendered":"<p>Desde Palacio Nacional, la presidenta Claudia Sheinbaum inform\u00f3 sobre un cambio en la titularidad de la Agencia Nacional de Aduanas de M\u00e9xico. Rafael Mar\u00edn Mollinedo&hellip;<\/p>\n","protected":false},"author":2,"featured_media":676,"comment_status":"open","ping_status":"open","sticky":false,"template":"","format":"standard","meta":{"footnotes":""},"categories":[251],"tags":[576,586,585,587,288],"class_list":["post-675","post","type-post","status-publish","format-standard","has-post-thumbnail","hentry","category-la-mananera-en-breve","tag-aduanas","tag-hector-alonso-romero-gutierrez","tag-marin-mollinedo","tag-relevo","tag-sheinbaum"],"_links":{"self":[{"href":"https:\/\/eldiariorepublicamx.com\/index.php?rest_route=\/wp\/v2\/posts\/675","targetHints":{"allow":["GET"]}}],"collection":[{"href":"https:\/\/eldiariorepublicamx.com\/index.php?rest_route=\/wp\/v2\/posts"}],"about":[{"href":"https:\/\/eldiariorepublicamx.com\/index.php?rest_route=\/wp\/v2\/types\/post"}],"author":[{"embeddable":true,"href":"https:\/\/eldiariorepublicamx.com\/index.php?rest_route=\/wp\/v2\/users\/2"}],"replies":[{"embeddable":true,"href":"https:\/\/eldiariorepublicamx.com\/index.php?rest_route=%2Fwp%2Fv2%2Fcomments&post=675"}],"version-history":[{"count":0,"href":"https:\/\/eldiariorepublicamx.com\/index.php?rest_route=\/wp\/v2\/posts\/675\/revisions"}],"wp:featuredmedia":[{"embeddable":true,"href":"https:\/\/eldiariorepublicamx.com\/index.php?rest_route=\/wp\/v2\/media\/676"}],"wp:attachment":[{"href":"https:\/\/eldiariorepublicamx.com\/index.php?rest_route=%2Fwp%2Fv2%2Fmedia&parent=675"}],"wp:term":[{"taxonomy":"category","embeddable":true,"href":"https:\/\/eldiariorepublicamx.com\/index.php?rest_route=%2Fwp%2Fv2%2Fcategories&post=675"},{"taxonomy":"post_tag","embeddable":true,"href":"https:\/\/eldiariorepublicamx.com\/index.php?rest_route=%2Fwp%2Fv2%2Ftags&post=675"}],"curies":[{"name":"wp","href":"https:\/\/api.w.org\/{rel}","templated":true}]}}