{"id":673,"date":"2026-04-01T10:28:38","date_gmt":"2026-04-01T16:28:38","guid":{"rendered":"https:\/\/eldiariorepublicamx.com\/?p=673"},"modified":"2026-04-01T10:28:38","modified_gmt":"2026-04-01T16:28:38","slug":"sheinbaum-aclara-salida-de-rafael-marin-de-aduanas-fue-por-acuerdo-previo-y-no-por-razones-electorales","status":"publish","type":"post","link":"https:\/\/eldiariorepublicamx.com\/?p=673","title":{"rendered":"Sheinbaum aclara salida de Rafael Mar\u00edn de Aduanas: fue por acuerdo previo y no por razones electorales"},"content":{"rendered":"<p>La presidenta Claudia Sheinbaum confirm\u00f3 que Rafael Mar\u00edn Mollinedo dej\u00f3 el cargo de director general de la Agencia Nacional de Aduanas de M\u00e9xico (ANAM) y aclar\u00f3 que su salida se debi\u00f3 a un acuerdo de un a\u00f1o que ambos ten\u00edan, negando rotundamente que fuera por motivos relacionados con elecciones o por un desempe\u00f1o deficiente.<\/p>\n<h3>Compromiso cumplido y futuro en Yucat\u00e1n<\/h3>\n<p>Durante su conferencia &#8216;La Ma\u00f1anera del Pueblo&#8217; desde Palacio Nacional, la mandataria explic\u00f3 que desde el inicio estaba previsto que Mar\u00edn ocupara el puesto solo por un a\u00f1o, a petici\u00f3n propia. &#8220;\u00c9l me hab\u00eda dicho que se quer\u00eda quedar exclusivamente un a\u00f1o, que me ayudaba un a\u00f1o, de hecho ya lleva un poquito m\u00e1s&#8221;, dijo Sheinbaum.<\/p>\n<p>Adem\u00e1s, destac\u00f3 su trabajo al frente de la dependencia, afirmando que &#8220;hizo un extraordinario papel&#8221; y logr\u00f3 un aumento &#8220;de manera impresionante&#8221; en la recaudaci\u00f3n de Aduanas durante 2025.<\/p>\n<h3>Nuevo encargo en el sureste<\/h3>\n<p>Sheinbaum detall\u00f3 que, tras concluir su periodo en ANAM, Mar\u00edn Mollinedo se trasladar\u00e1 a Yucat\u00e1n para colaborar con el gobierno federal, desmintiendo especulaciones sobre motivos electorales. &#8220;\u00c9l vive en Quintana Roo, entonces se va a Yucat\u00e1n, para todos aquellos que dicen que es por motivos electorales, no&#8221;, precis\u00f3.<\/p>\n<p>La presidenta indic\u00f3 que se le asignar\u00e1 un puesto como delegado de la Secretar\u00eda de Bienestar o de Gobernaci\u00f3n en esa entidad, aunque no proporcion\u00f3 mayores precisiones. &#8220;Se cumple el tiempo que \u00e9l me hab\u00eda pedido, que me ayudaba pero se mov\u00eda a otro lugar y va a estar ayud\u00e1ndonos en Yucat\u00e1n en distintas \u00e1reas del gobierno de M\u00e9xico&#8221;, coment\u00f3.<\/p>\n","protected":false},"excerpt":{"rendered":"<p>La presidenta Claudia Sheinbaum confirm\u00f3 que Rafael Mar\u00edn Mollinedo dej\u00f3 el cargo de director general de la Agencia Nacional de Aduanas de M\u00e9xico (ANAM) y&hellip;<\/p>\n","protected":false},"author":2,"featured_media":674,"comment_status":"open","ping_status":"open","sticky":false,"template":"","format":"standard","meta":{"footnotes":""},"categories":[252],"tags":[573,13,65,579,575],"class_list":["post-673","post","type-post","status-publish","format-standard","has-post-thumbnail","hentry","category-agenda-nacional","tag-agencia-nacional-de-aduanas","tag-claudia-sheinbaum","tag-la-mananera","tag-rafael-marin","tag-yucatan"],"_links":{"self":[{"href":"https:\/\/eldiariorepublicamx.com\/index.php?rest_route=\/wp\/v2\/posts\/673","targetHints":{"allow":["GET"]}}],"collection":[{"href":"https:\/\/eldiariorepublicamx.com\/index.php?rest_route=\/wp\/v2\/posts"}],"about":[{"href":"https:\/\/eldiariorepublicamx.com\/index.php?rest_route=\/wp\/v2\/types\/post"}],"author":[{"embeddable":true,"href":"https:\/\/eldiariorepublicamx.com\/index.php?rest_route=\/wp\/v2\/users\/2"}],"replies":[{"embeddable":true,"href":"https:\/\/eldiariorepublicamx.com\/index.php?rest_route=%2Fwp%2Fv2%2Fcomments&post=673"}],"version-history":[{"count":0,"href":"https:\/\/eldiariorepublicamx.com\/index.php?rest_route=\/wp\/v2\/posts\/673\/revisions"}],"wp:featuredmedia":[{"embeddable":true,"href":"https:\/\/eldiariorepublicamx.com\/index.php?rest_route=\/wp\/v2\/media\/674"}],"wp:attachment":[{"href":"https:\/\/eldiariorepublicamx.com\/index.php?rest_route=%2Fwp%2Fv2%2Fmedia&parent=673"}],"wp:term":[{"taxonomy":"category","embeddable":true,"href":"https:\/\/eldiariorepublicamx.com\/index.php?rest_route=%2Fwp%2Fv2%2Fcategories&post=673"},{"taxonomy":"post_tag","embeddable":true,"href":"https:\/\/eldiariorepublicamx.com\/index.php?rest_route=%2Fwp%2Fv2%2Ftags&post=673"}],"curies":[{"name":"wp","href":"https:\/\/api.w.org\/{rel}","templated":true}]}}