{"id":671,"date":"2026-04-01T10:28:37","date_gmt":"2026-04-01T16:28:37","guid":{"rendered":"https:\/\/eldiariorepublicamx.com\/?p=671"},"modified":"2026-04-01T10:28:37","modified_gmt":"2026-04-01T16:28:37","slug":"hector-alonso-romero-asume-la-direccion-de-anam-tras-la-salida-de-rafael-marin","status":"publish","type":"post","link":"https:\/\/eldiariorepublicamx.com\/?p=671","title":{"rendered":"H\u00e9ctor Alonso Romero asume la direcci\u00f3n de ANAM tras la salida de Rafael Mar\u00edn"},"content":{"rendered":"<p>La presidenta de M\u00e9xico, Claudia Sheinbaum, design\u00f3 este mi\u00e9rcoles a H\u00e9ctor Alonso Romero Guti\u00e9rrez como nuevo director general de la Agencia Nacional de Aduanas de M\u00e9xico (ANAM), en sustituci\u00f3n de Rafael Mar\u00edn Molinedo.<\/p>\n<h3>Cambio de funciones<\/h3>\n<p>Durante su conferencia matutina, la mandataria explic\u00f3 que Mar\u00edn Molinedo dej\u00f3 el cargo al frente de la ANAM para convertirse en delegado del gobierno federal en el estado de Yucat\u00e1n.<\/p>\n<blockquote><p>&#8220;Rafael Mar\u00edn dej\u00f3 la direcci\u00f3n general de Aduanas. Me hab\u00eda dicho que se quer\u00eda quedar exclusivamente un a\u00f1o. Nos va a ayudar en Yucat\u00e1n, se va como delegado de Bienestar o de Gobernaci\u00f3n. Entonces se va Yucat\u00e1n, para todos aquellos que dijeron que es por motivos electorales, que hizo un mal papel, al contrario, hizo un extraordinario papel&#8221;, dijo este mi\u00e9rcoles.<\/p><\/blockquote>\n<p>Sheinbaum destac\u00f3 que el ahora exdirector siempre hab\u00eda expresado su deseo de ocupar el puesto solo por un a\u00f1o.<\/p>\n<h3>Perfil del nuevo titular<\/h3>\n<p>El nuevo responsable de la agencia aduanal proviene de la Agencia de Transformaci\u00f3n Digital y Telecomunicaciones, donde se desempe\u00f1aba como funcionario.<\/p>\n<p>La presidenta mencion\u00f3 que Romero Guti\u00e9rrez, a pesar de ser joven, cuenta con una amplia trayectoria en el sector p\u00fablico.<\/p>\n<p>Su formaci\u00f3n acad\u00e9mica incluye una Maestr\u00eda en Finanzas y Mercados Energ\u00e9ticos por la Universidad de Hamburgo y una ingenier\u00eda en Desarrollo Sostenible por el Tecnol\u00f3gico de Monterrey. Adem\u00e1s, posee un diplomado en competencia econ\u00f3mica por el Centro de Investigaci\u00f3n y Docencia Econ\u00f3micas.<\/p>\n<h3>Contexto institucional<\/h3>\n<p>La ANAM fue creada en enero de 2022 mediante un decreto del entonces presidente Andr\u00e9s Manuel L\u00f3pez Obrador, con el objetivo de reemplazar a la Administraci\u00f3n General de Aduanas que operaba bajo el SAT.<\/p>\n<p>Rafael Mar\u00edn Molinedo hab\u00eda asumido la direcci\u00f3n de la agencia en diciembre de 2022, luego de que el entonces secretario de Gobernaci\u00f3n, Ad\u00e1n Augusto L\u00f3pez, le diera posesi\u00f3n del cargo.<\/p>\n","protected":false},"excerpt":{"rendered":"<p>La presidenta de M\u00e9xico, Claudia Sheinbaum, design\u00f3 este mi\u00e9rcoles a H\u00e9ctor Alonso Romero Guti\u00e9rrez como nuevo director general de la Agencia Nacional de Aduanas de&hellip;<\/p>\n","protected":false},"author":2,"featured_media":672,"comment_status":"open","ping_status":"open","sticky":false,"template":"","format":"standard","meta":{"footnotes":""},"categories":[252],"tags":[582,13,583,584,579],"class_list":["post-671","post","type-post","status-publish","format-standard","has-post-thumbnail","hentry","category-agenda-nacional","tag-anam","tag-claudia-sheinbaum","tag-hector-alonso-romero","tag-nombramiento","tag-rafael-marin"],"_links":{"self":[{"href":"https:\/\/eldiariorepublicamx.com\/index.php?rest_route=\/wp\/v2\/posts\/671","targetHints":{"allow":["GET"]}}],"collection":[{"href":"https:\/\/eldiariorepublicamx.com\/index.php?rest_route=\/wp\/v2\/posts"}],"about":[{"href":"https:\/\/eldiariorepublicamx.com\/index.php?rest_route=\/wp\/v2\/types\/post"}],"author":[{"embeddable":true,"href":"https:\/\/eldiariorepublicamx.com\/index.php?rest_route=\/wp\/v2\/users\/2"}],"replies":[{"embeddable":true,"href":"https:\/\/eldiariorepublicamx.com\/index.php?rest_route=%2Fwp%2Fv2%2Fcomments&post=671"}],"version-history":[{"count":0,"href":"https:\/\/eldiariorepublicamx.com\/index.php?rest_route=\/wp\/v2\/posts\/671\/revisions"}],"wp:featuredmedia":[{"embeddable":true,"href":"https:\/\/eldiariorepublicamx.com\/index.php?rest_route=\/wp\/v2\/media\/672"}],"wp:attachment":[{"href":"https:\/\/eldiariorepublicamx.com\/index.php?rest_route=%2Fwp%2Fv2%2Fmedia&parent=671"}],"wp:term":[{"taxonomy":"category","embeddable":true,"href":"https:\/\/eldiariorepublicamx.com\/index.php?rest_route=%2Fwp%2Fv2%2Fcategories&post=671"},{"taxonomy":"post_tag","embeddable":true,"href":"https:\/\/eldiariorepublicamx.com\/index.php?rest_route=%2Fwp%2Fv2%2Ftags&post=671"}],"curies":[{"name":"wp","href":"https:\/\/api.w.org\/{rel}","templated":true}]}}