{"id":669,"date":"2026-04-01T10:28:35","date_gmt":"2026-04-01T16:28:35","guid":{"rendered":"https:\/\/eldiariorepublicamx.com\/?p=669"},"modified":"2026-04-01T10:28:35","modified_gmt":"2026-04-01T16:28:35","slug":"presidenta-sheinbaum-confirma-cambio-en-anam-y-descarta-motivos-politicos-en-la-salida-de-rafael-marin","status":"publish","type":"post","link":"https:\/\/eldiariorepublicamx.com\/?p=669","title":{"rendered":"Presidenta Sheinbaum confirma cambio en ANAM y descarta motivos pol\u00edticos en la salida de Rafael Mar\u00edn"},"content":{"rendered":"<p>La presidenta Claudia Sheinbaum Pardo confirm\u00f3 este mi\u00e9rcoles que Rafael Mar\u00edn Mollinedo dej\u00f3 el cargo de director general de la Agencia Nacional de Aduanas de M\u00e9xico (ANAM) para asumir una nueva responsabilidad como delegado en Yucat\u00e1n, negando que el cambio tenga motivaciones relacionadas con procesos electorales.<\/p>\n<h3>Explicaci\u00f3n del cambio de adscripci\u00f3n<\/h3>\n<p>Durante su conferencia matutina, la mandataria federal aclar\u00f3 que el funcionario hab\u00eda expresado desde un principio su deseo de permanecer al frente de ANAM por solo un a\u00f1o, periodo que ya se complet\u00f3. Agreg\u00f3 que, dado que Mar\u00edn Mollinedo reside en Quintana Roo, su nuevo destino en la entidad vecina de Yucat\u00e1n resulta conveniente.<\/p>\n<blockquote><p>\u201c\u00c9l vive en Quintana Roo, entonces se va a Yucat\u00e1n. Para quienes digan que fue por motivos electorales, no, o que hizo un mal papel; al contrario, hizo un extraordinario papel. Aduanas aument\u00f3 su recaudaci\u00f3n de una manera impresionante\u201d, declar\u00f3 la mandataria.<\/p><\/blockquote>\n<h3>Reconocimiento a la gesti\u00f3n y nuevo nombramiento<\/h3>\n<p>Sheinbaum Pardo destac\u00f3 la gesti\u00f3n del ahora exdirector, se\u00f1alando que bajo su mando la dependencia logr\u00f3 un incremento notable en la recaudaci\u00f3n fiscal. Asimismo, inform\u00f3 que el puesto vacante en la ANAM ser\u00e1 ocupado por H\u00e9ctor Alonso Romero Guti\u00e9rrez, quien anteriormente se desempe\u00f1aba en la Agencia de Transformaci\u00f3n Digital, donde tuvo a su cargo la supervisi\u00f3n de los procesos de modernizaci\u00f3n de la propia Aduana.<\/p>\n<p>La jefa del Ejecutivo precis\u00f3 que el nuevo encargo de Mar\u00edn Mollinedo en Yucat\u00e1n ser\u00e1 dentro de la estructura de la Secretar\u00eda de Gobernaci\u00f3n o bien de la Secretar\u00eda de Bienestar, en calidad de delegado.<\/p>\n","protected":false},"excerpt":{"rendered":"<p>La presidenta Claudia Sheinbaum Pardo confirm\u00f3 este mi\u00e9rcoles que Rafael Mar\u00edn Mollinedo dej\u00f3 el cargo de director general de la Agencia Nacional de Aduanas de&hellip;<\/p>\n","protected":false},"author":2,"featured_media":670,"comment_status":"open","ping_status":"open","sticky":false,"template":"","format":"standard","meta":{"footnotes":""},"categories":[252],"tags":[573,582,13,574,575],"class_list":["post-669","post","type-post","status-publish","format-standard","has-post-thumbnail","hentry","category-agenda-nacional","tag-agencia-nacional-de-aduanas","tag-anam","tag-claudia-sheinbaum","tag-rafael-marin-mollinedo","tag-yucatan"],"_links":{"self":[{"href":"https:\/\/eldiariorepublicamx.com\/index.php?rest_route=\/wp\/v2\/posts\/669","targetHints":{"allow":["GET"]}}],"collection":[{"href":"https:\/\/eldiariorepublicamx.com\/index.php?rest_route=\/wp\/v2\/posts"}],"about":[{"href":"https:\/\/eldiariorepublicamx.com\/index.php?rest_route=\/wp\/v2\/types\/post"}],"author":[{"embeddable":true,"href":"https:\/\/eldiariorepublicamx.com\/index.php?rest_route=\/wp\/v2\/users\/2"}],"replies":[{"embeddable":true,"href":"https:\/\/eldiariorepublicamx.com\/index.php?rest_route=%2Fwp%2Fv2%2Fcomments&post=669"}],"version-history":[{"count":0,"href":"https:\/\/eldiariorepublicamx.com\/index.php?rest_route=\/wp\/v2\/posts\/669\/revisions"}],"wp:featuredmedia":[{"embeddable":true,"href":"https:\/\/eldiariorepublicamx.com\/index.php?rest_route=\/wp\/v2\/media\/670"}],"wp:attachment":[{"href":"https:\/\/eldiariorepublicamx.com\/index.php?rest_route=%2Fwp%2Fv2%2Fmedia&parent=669"}],"wp:term":[{"taxonomy":"category","embeddable":true,"href":"https:\/\/eldiariorepublicamx.com\/index.php?rest_route=%2Fwp%2Fv2%2Fcategories&post=669"},{"taxonomy":"post_tag","embeddable":true,"href":"https:\/\/eldiariorepublicamx.com\/index.php?rest_route=%2Fwp%2Fv2%2Ftags&post=669"}],"curies":[{"name":"wp","href":"https:\/\/api.w.org\/{rel}","templated":true}]}}