{"id":667,"date":"2026-04-01T10:28:28","date_gmt":"2026-04-01T16:28:28","guid":{"rendered":"https:\/\/eldiariorepublicamx.com\/?p=667"},"modified":"2026-04-01T10:28:28","modified_gmt":"2026-04-01T16:28:28","slug":"designa-sheinbaum-nuevo-titular-en-aduanas-y-descarta-intenciones-de-campana","status":"publish","type":"post","link":"https:\/\/eldiariorepublicamx.com\/?p=667","title":{"rendered":"Designa Sheinbaum nuevo titular en Aduanas y descarta intenciones de campa\u00f1a"},"content":{"rendered":"<p>La presidenta Claudia Sheinbaum inform\u00f3 este 1 de abril de 2026 que H\u00e9ctor Alonso Romero Guti\u00e9rrez asumir\u00e1 la direcci\u00f3n de Aduanas, tras la salida de Rafael Mar\u00edn del cargo.<\/p>\n<h3>Desmiente versiones sobre ambiciones pol\u00edticas<\/h3>\n<p>La mandataria federal desminti\u00f3 que la renuncia del anterior funcionario est\u00e9 vinculada a una posible participaci\u00f3n en las pr\u00f3ximas elecciones de Quintana Roo. Sheinbaum destac\u00f3 el desempe\u00f1o de Mar\u00edn durante su gesti\u00f3n al frente de la dependencia.<\/p>\n<blockquote><p>\u201cSe va a Yucat\u00e1n, para todos aquellos que dicen que por motivos electorales, no y adem\u00e1s hizo un gran papel en aduanas, aument\u00f3 la recaudaci\u00f3n en 2025\u2033, extern\u00f3 Sheinbaum Pardo.<\/p><\/blockquote>\n<p>La jefa del ejecutivo federal resalt\u00f3 espec\u00edficamente el incremento en la recaudaci\u00f3n fiscal logrado bajo el liderazgo de Mar\u00edn durante el a\u00f1o pasado.<\/p>\n","protected":false},"excerpt":{"rendered":"<p>La presidenta Claudia Sheinbaum inform\u00f3 este 1 de abril de 2026 que H\u00e9ctor Alonso Romero Guti\u00e9rrez asumir\u00e1 la direcci\u00f3n de Aduanas, tras la salida de&hellip;<\/p>\n","protected":false},"author":2,"featured_media":668,"comment_status":"open","ping_status":"open","sticky":false,"template":"","format":"standard","meta":{"footnotes":""},"categories":[252,52],"tags":[576,581,579,580,288],"class_list":["post-667","post","type-post","status-publish","format-standard","has-post-thumbnail","hentry","category-agenda-nacional","category-economia","tag-aduanas","tag-designacion","tag-rafael-marin","tag-recaudacion","tag-sheinbaum"],"_links":{"self":[{"href":"https:\/\/eldiariorepublicamx.com\/index.php?rest_route=\/wp\/v2\/posts\/667","targetHints":{"allow":["GET"]}}],"collection":[{"href":"https:\/\/eldiariorepublicamx.com\/index.php?rest_route=\/wp\/v2\/posts"}],"about":[{"href":"https:\/\/eldiariorepublicamx.com\/index.php?rest_route=\/wp\/v2\/types\/post"}],"author":[{"embeddable":true,"href":"https:\/\/eldiariorepublicamx.com\/index.php?rest_route=\/wp\/v2\/users\/2"}],"replies":[{"embeddable":true,"href":"https:\/\/eldiariorepublicamx.com\/index.php?rest_route=%2Fwp%2Fv2%2Fcomments&post=667"}],"version-history":[{"count":0,"href":"https:\/\/eldiariorepublicamx.com\/index.php?rest_route=\/wp\/v2\/posts\/667\/revisions"}],"wp:featuredmedia":[{"embeddable":true,"href":"https:\/\/eldiariorepublicamx.com\/index.php?rest_route=\/wp\/v2\/media\/668"}],"wp:attachment":[{"href":"https:\/\/eldiariorepublicamx.com\/index.php?rest_route=%2Fwp%2Fv2%2Fmedia&parent=667"}],"wp:term":[{"taxonomy":"category","embeddable":true,"href":"https:\/\/eldiariorepublicamx.com\/index.php?rest_route=%2Fwp%2Fv2%2Fcategories&post=667"},{"taxonomy":"post_tag","embeddable":true,"href":"https:\/\/eldiariorepublicamx.com\/index.php?rest_route=%2Fwp%2Fv2%2Ftags&post=667"}],"curies":[{"name":"wp","href":"https:\/\/api.w.org\/{rel}","templated":true}]}}