{"id":665,"date":"2026-04-01T10:28:24","date_gmt":"2026-04-01T16:28:24","guid":{"rendered":"https:\/\/eldiariorepublicamx.com\/?p=665"},"modified":"2026-04-01T10:28:24","modified_gmt":"2026-04-01T16:28:24","slug":"presidenta-sheinbaum-anuncia-cambio-en-aduanas-rafael-marin-mollinedo-renuncia-y-hector-romero-gutierrez-lo-sustituye","status":"publish","type":"post","link":"https:\/\/eldiariorepublicamx.com\/?p=665","title":{"rendered":"Presidenta Sheinbaum anuncia cambio en Aduanas: Rafael Mar\u00edn Mollinedo renuncia y H\u00e9ctor Romero Guti\u00e9rrez lo sustituye"},"content":{"rendered":"<p>La presidenta de M\u00e9xico, Claudia Sheinbaum, anunci\u00f3 este lunes durante su conferencia de prensa en Palacio Nacional la salida de Rafael Mar\u00edn Mollinedo de la Direcci\u00f3n General de la Agencia Nacional de Aduanas de M\u00e9xico (ANAM) y design\u00f3 a H\u00e9ctor Alonso Romero Guti\u00e9rrez como su reemplazo.<\/p>\n<h3>Nuevo destino para Mar\u00edn Mollinedo<\/h3>\n<p>Sheinbaum explic\u00f3 que Mar\u00edn Mollinedo, quien hab\u00eda expresado su deseo de permanecer en el cargo solo un a\u00f1o, ser\u00e1 asignado como delegado del Bienestar en el estado de Yucat\u00e1n. La mandataria aclar\u00f3 que este traslado no responde a motivos electorales, se\u00f1alando que el funcionario reside en Quintana Roo pero se desplazar\u00e1 a Yucat\u00e1n para asumir sus nuevas funciones.<\/p>\n<blockquote><p>\u201cRafael Mar\u00edn dej\u00f3 la Direcci\u00f3n General de Aduanas de la Agencia Nacional de Aduanas. \u00c9l me hab\u00eda dicho que se quer\u00eda quedar exclusivamente un a\u00f1o, que me ayudaba un a\u00f1o, ya de hecho lleva un poco m\u00e1s\u201d, se\u00f1al\u00f3.<\/p><\/blockquote>\n<p>La jefa del Ejecutivo federal elogi\u00f3 la gesti\u00f3n de Mar\u00edn Mollinedo, destacando el incremento significativo en la recaudaci\u00f3n fiscal obtenida por Aduanas durante el a\u00f1o 2025.<\/p>\n<blockquote><p>\u201c(Mar\u00edn) hizo un extraordinario papel: Aduanas aument\u00f3 su recaudaci\u00f3n de una manera impresionante en el a\u00f1o 2025 y se cumple pues el tiempo que \u00e9l me hab\u00eda pedido que me ayudaba, pero que se mov\u00eda a otro lugar y va a estar ayud\u00e1ndonos en Yucat\u00e1n en distintas \u00e1reas del Gobierno\u201d, argument\u00f3.<\/p><\/blockquote>\n<h3>Perfil del nuevo titular<\/h3>\n<p>El nuevo director general de la ANAM, H\u00e9ctor Alonso Romero Guti\u00e9rrez, se desempe\u00f1aba previamente en la Agencia de Transformaci\u00f3n Digital. Sheinbaum destac\u00f3 su juventud y experiencia, particularmente en los procesos de modernizaci\u00f3n tecnol\u00f3gica del sistema aduanero.<\/p>\n<blockquote><p>\u201cEn su lugar entra un compa\u00f1ero que se llama H\u00e9ctor Alonso Romero Guti\u00e9rrez. \u00c9l ven\u00eda trabajando en la Agencia de Transformaci\u00f3n Digital, tiene una larga historia. Es muy joven pero ya tiene tiempo trabajando cerca de Aduanas. \u00c9l era el responsable de la Agencia de Transformaci\u00f3n Digital para atender toda la transformaci\u00f3n digital de Aduanas\u201d, refiri\u00f3.<\/p><\/blockquote>\n<p>La presidenta deline\u00f3 las principales responsabilidades del nuevo funcionario, que incluyen continuar con el aumento de la recaudaci\u00f3n y, especialmente, liderar la digitalizaci\u00f3n y la incorporaci\u00f3n de nuevas tecnolog\u00edas en las aduanas mar\u00edtimas y terrestres del pa\u00eds.<\/p>\n<blockquote><p>\u201c\u00c9l (Romero Guti\u00e9rrez) tiene la responsabilidad pues primero de seguir aumentando la recaudaci\u00f3n en Aduanas, que todav\u00eda hay un espacio importante, pero tiene la responsabilidad principal de todos los procesos de digitalizaci\u00f3n en Aduanas y de incorporaci\u00f3n de las nuevas tecnolog\u00edas a las aduanas de M\u00e9xico, obviamente trabajando con todos los directores de las aduanas marinas y terrestres de nuestro pa\u00eds\u201d, destac\u00f3.<\/p><\/blockquote>\n","protected":false},"excerpt":{"rendered":"<p>La presidenta de M\u00e9xico, Claudia Sheinbaum, anunci\u00f3 este lunes durante su conferencia de prensa en Palacio Nacional la salida de Rafael Mar\u00edn Mollinedo de la&hellip;<\/p>\n","protected":false},"author":2,"featured_media":666,"comment_status":"open","ping_status":"open","sticky":false,"template":"","format":"standard","meta":{"footnotes":""},"categories":[252,52],"tags":[576,13,577,574,578],"class_list":["post-665","post","type-post","status-publish","format-standard","has-post-thumbnail","hentry","category-agenda-nacional","category-economia","tag-aduanas","tag-claudia-sheinbaum","tag-hector-romero-gutierrez","tag-rafael-marin-mollinedo","tag-renuncia"],"_links":{"self":[{"href":"https:\/\/eldiariorepublicamx.com\/index.php?rest_route=\/wp\/v2\/posts\/665","targetHints":{"allow":["GET"]}}],"collection":[{"href":"https:\/\/eldiariorepublicamx.com\/index.php?rest_route=\/wp\/v2\/posts"}],"about":[{"href":"https:\/\/eldiariorepublicamx.com\/index.php?rest_route=\/wp\/v2\/types\/post"}],"author":[{"embeddable":true,"href":"https:\/\/eldiariorepublicamx.com\/index.php?rest_route=\/wp\/v2\/users\/2"}],"replies":[{"embeddable":true,"href":"https:\/\/eldiariorepublicamx.com\/index.php?rest_route=%2Fwp%2Fv2%2Fcomments&post=665"}],"version-history":[{"count":0,"href":"https:\/\/eldiariorepublicamx.com\/index.php?rest_route=\/wp\/v2\/posts\/665\/revisions"}],"wp:featuredmedia":[{"embeddable":true,"href":"https:\/\/eldiariorepublicamx.com\/index.php?rest_route=\/wp\/v2\/media\/666"}],"wp:attachment":[{"href":"https:\/\/eldiariorepublicamx.com\/index.php?rest_route=%2Fwp%2Fv2%2Fmedia&parent=665"}],"wp:term":[{"taxonomy":"category","embeddable":true,"href":"https:\/\/eldiariorepublicamx.com\/index.php?rest_route=%2Fwp%2Fv2%2Fcategories&post=665"},{"taxonomy":"post_tag","embeddable":true,"href":"https:\/\/eldiariorepublicamx.com\/index.php?rest_route=%2Fwp%2Fv2%2Ftags&post=665"}],"curies":[{"name":"wp","href":"https:\/\/api.w.org\/{rel}","templated":true}]}}