{"id":663,"date":"2026-04-01T10:28:09","date_gmt":"2026-04-01T16:28:09","guid":{"rendered":"https:\/\/eldiariorepublicamx.com\/?p=663"},"modified":"2026-04-01T10:28:09","modified_gmt":"2026-04-01T16:28:09","slug":"presidenta-sheinbaum-anuncia-cambios-en-la-direccion-de-aduanas-y-nombra-nuevo-delegado-en-yucatan","status":"publish","type":"post","link":"https:\/\/eldiariorepublicamx.com\/?p=663","title":{"rendered":"Presidenta Sheinbaum anuncia cambios en la direcci\u00f3n de Aduanas y nombra nuevo delegado en Yucat\u00e1n"},"content":{"rendered":"<p>La presidenta Claudia Sheinbaum confirm\u00f3 este 1 de abril, durante su conferencia de prensa en Palacio Nacional, importantes cambios en su equipo de gobierno, incluyendo un nuevo titular para la Agencia Nacional de Aduanas y la reubicaci\u00f3n del anterior director como delegado federal en Yucat\u00e1n.<\/p>\n<h3>Cambios en la c\u00fapula aduanera<\/h3>\n<p>La mandataria inform\u00f3 que Rafael Mar\u00edn Mollinedo deja la direcci\u00f3n de la Agencia Nacional de Aduanas, luego de haber acordado inicialmente permanecer en el cargo por un a\u00f1o. Sheinbaum desminti\u00f3 que su salida se deba a motivos electorales o a un desempe\u00f1o deficiente, destacando en cambio los logros alcanzados bajo su mando.<\/p>\n<p>Durante el encuentro con medios, la presidenta elogi\u00f3 la gesti\u00f3n de Mar\u00edn Mollinedo, calific\u00e1ndola de \u201cextraordinaria\u201d y subrayando el incremento significativo en la recaudaci\u00f3n aduanera durante el a\u00f1o 2025.<\/p>\n<h3>Nuevas designaciones y reestructuraci\u00f3n<\/h3>\n<p>Para sucederlo en la direcci\u00f3n de Aduanas, Sheinbaum design\u00f3 a H\u00e9ctor Alonso Romero Guti\u00e9rrez, quien anteriormente colaboraba en la Agencia de Transformaci\u00f3n Digital. La presidenta resalt\u00f3 que, a pesar de su juventud, Romero Guti\u00e9rrez posee experiencia en el sector aduanero y una formaci\u00f3n acad\u00e9mica como maestro en finanzas y mercados energ\u00e9ticos.<\/p>\n<p>Por su parte, Rafael Mar\u00edn Mollinedo se integrar\u00e1 como delegado federal en el estado de Yucat\u00e1n, donde se prev\u00e9 que pueda desempe\u00f1arse en \u00e1reas como Bienestar o Gobernaci\u00f3n.<\/p>\n<h3>Contexto de los ajustes gubernamentales<\/h3>\n<p>Estos movimientos forman parte de los ajustes internos que est\u00e1 realizando el gobierno federal en \u00e1reas consideradas estrat\u00e9gicas para la naci\u00f3n, debido a su impacto directo en la recaudaci\u00f3n fiscal y el control del comercio exterior.<\/p>\n","protected":false},"excerpt":{"rendered":"<p>La presidenta Claudia Sheinbaum confirm\u00f3 este 1 de abril, durante su conferencia de prensa en Palacio Nacional, importantes cambios en su equipo de gobierno, incluyendo&hellip;<\/p>\n","protected":false},"author":2,"featured_media":664,"comment_status":"open","ping_status":"open","sticky":false,"template":"","format":"standard","meta":{"footnotes":""},"categories":[252],"tags":[573,13,96,574,575],"class_list":["post-663","post","type-post","status-publish","format-standard","has-post-thumbnail","hentry","category-agenda-nacional","tag-agencia-nacional-de-aduanas","tag-claudia-sheinbaum","tag-gobierno-federal","tag-rafael-marin-mollinedo","tag-yucatan"],"_links":{"self":[{"href":"https:\/\/eldiariorepublicamx.com\/index.php?rest_route=\/wp\/v2\/posts\/663","targetHints":{"allow":["GET"]}}],"collection":[{"href":"https:\/\/eldiariorepublicamx.com\/index.php?rest_route=\/wp\/v2\/posts"}],"about":[{"href":"https:\/\/eldiariorepublicamx.com\/index.php?rest_route=\/wp\/v2\/types\/post"}],"author":[{"embeddable":true,"href":"https:\/\/eldiariorepublicamx.com\/index.php?rest_route=\/wp\/v2\/users\/2"}],"replies":[{"embeddable":true,"href":"https:\/\/eldiariorepublicamx.com\/index.php?rest_route=%2Fwp%2Fv2%2Fcomments&post=663"}],"version-history":[{"count":0,"href":"https:\/\/eldiariorepublicamx.com\/index.php?rest_route=\/wp\/v2\/posts\/663\/revisions"}],"wp:featuredmedia":[{"embeddable":true,"href":"https:\/\/eldiariorepublicamx.com\/index.php?rest_route=\/wp\/v2\/media\/664"}],"wp:attachment":[{"href":"https:\/\/eldiariorepublicamx.com\/index.php?rest_route=%2Fwp%2Fv2%2Fmedia&parent=663"}],"wp:term":[{"taxonomy":"category","embeddable":true,"href":"https:\/\/eldiariorepublicamx.com\/index.php?rest_route=%2Fwp%2Fv2%2Fcategories&post=663"},{"taxonomy":"post_tag","embeddable":true,"href":"https:\/\/eldiariorepublicamx.com\/index.php?rest_route=%2Fwp%2Fv2%2Ftags&post=663"}],"curies":[{"name":"wp","href":"https:\/\/api.w.org\/{rel}","templated":true}]}}