{"id":661,"date":"2026-04-01T10:28:03","date_gmt":"2026-04-01T16:28:03","guid":{"rendered":"https:\/\/eldiariorepublicamx.com\/?p=661"},"modified":"2026-04-01T10:28:03","modified_gmt":"2026-04-01T16:28:03","slug":"alvaro-fidalgo-narra-los-detalles-iniciales-de-su-incorporacion-al-tri","status":"publish","type":"post","link":"https:\/\/eldiariorepublicamx.com\/?p=661","title":{"rendered":"\u00c1lvaro Fidalgo narra los detalles iniciales de su incorporaci\u00f3n al Tri"},"content":{"rendered":"<p>El futbolista \u00c1lvaro Fidalgo, recientemente convocado a la Selecci\u00f3n Mexicana, comparti\u00f3 los pormenores de su primer contacto con la Federaci\u00f3n Mexicana de F\u00fatbol, un proceso que culmin\u00f3 con su debut en el equipo nacional tras completar el cambio de federaci\u00f3n requerido despu\u00e9s de cinco a\u00f1os residiendo en el pa\u00eds.<\/p>\n<h3>El camino hacia la convocatoria<\/h3>\n<p>Fidalgo, apodado &#8216;El Maguito&#8217;, fue incluido en la lista para los partidos amistosos contra Portugal y B\u00e9lgica, aprovechando su nueva elegibilidad. Durante su primera aparici\u00f3n con el combinado azteca, el mediocampista destac\u00f3 por su rendimiento y asumi\u00f3 un papel de liderazgo, incluso dirigiendo unas palabras al grupo antes del encuentro.<\/p>\n<blockquote><p>\u201cCreo que fue con Duilio al principio, tambi\u00e9n lo habl\u00e9 con el Vasco pero ya muy cerca de estas convocatorias\u201c, cont\u00f3 el Maguito para TUDN.<\/p><\/blockquote>\n<p>En una entrevista, el jugador revel\u00f3 que el primer acercamiento lo tuvo con Duilio, un personaje de la FMF, y que posteriormente convers\u00f3 con el Vasco Aguirre. Aclar\u00f3 que las negociaciones para su convocatoria fueron cercanas a la \u00faltima fecha FIFA del a\u00f1o, momento en el que iniciaron formalmente los tr\u00e1mites.<\/p>\n<h3>Ambiente en la concentraci\u00f3n<\/h3>\n<p>Paralelamente, en v\u00edsperas del partido ante B\u00e9lgica, se difundi\u00f3 en redes sociales un video que muestra el ambiente de camarader\u00eda entre los elementos de origen americanista concentrados con la Selecci\u00f3n. En las im\u00e1genes se observa a Juli\u00e1n Qui\u00f1ones, \u00c1lvaro Fidalgo y Erick S\u00e1nchez entreteni\u00e9ndose con un bal\u00f3n.<\/p>\n","protected":false},"excerpt":{"rendered":"<p>El futbolista \u00c1lvaro Fidalgo, recientemente convocado a la Selecci\u00f3n Mexicana, comparti\u00f3 los pormenores de su primer contacto con la Federaci\u00f3n Mexicana de F\u00fatbol, un proceso&hellip;<\/p>\n","protected":false},"author":2,"featured_media":662,"comment_status":"open","ping_status":"open","sticky":false,"template":"","format":"standard","meta":{"footnotes":""},"categories":[291],"tags":[569,571,570,376,572],"class_list":["post-661","post","type-post","status-publish","format-standard","has-post-thumbnail","hentry","category-deportes","tag-alvaro-fidalgo","tag-convocatoria","tag-fmf","tag-seleccion-mexicana","tag-tri"],"_links":{"self":[{"href":"https:\/\/eldiariorepublicamx.com\/index.php?rest_route=\/wp\/v2\/posts\/661","targetHints":{"allow":["GET"]}}],"collection":[{"href":"https:\/\/eldiariorepublicamx.com\/index.php?rest_route=\/wp\/v2\/posts"}],"about":[{"href":"https:\/\/eldiariorepublicamx.com\/index.php?rest_route=\/wp\/v2\/types\/post"}],"author":[{"embeddable":true,"href":"https:\/\/eldiariorepublicamx.com\/index.php?rest_route=\/wp\/v2\/users\/2"}],"replies":[{"embeddable":true,"href":"https:\/\/eldiariorepublicamx.com\/index.php?rest_route=%2Fwp%2Fv2%2Fcomments&post=661"}],"version-history":[{"count":0,"href":"https:\/\/eldiariorepublicamx.com\/index.php?rest_route=\/wp\/v2\/posts\/661\/revisions"}],"wp:featuredmedia":[{"embeddable":true,"href":"https:\/\/eldiariorepublicamx.com\/index.php?rest_route=\/wp\/v2\/media\/662"}],"wp:attachment":[{"href":"https:\/\/eldiariorepublicamx.com\/index.php?rest_route=%2Fwp%2Fv2%2Fmedia&parent=661"}],"wp:term":[{"taxonomy":"category","embeddable":true,"href":"https:\/\/eldiariorepublicamx.com\/index.php?rest_route=%2Fwp%2Fv2%2Fcategories&post=661"},{"taxonomy":"post_tag","embeddable":true,"href":"https:\/\/eldiariorepublicamx.com\/index.php?rest_route=%2Fwp%2Fv2%2Ftags&post=661"}],"curies":[{"name":"wp","href":"https:\/\/api.w.org\/{rel}","templated":true}]}}