{"id":657,"date":"2026-04-01T08:30:58","date_gmt":"2026-04-01T14:30:58","guid":{"rendered":"https:\/\/eldiariorepublicamx.com\/?p=657"},"modified":"2026-04-01T08:30:58","modified_gmt":"2026-04-01T14:30:58","slug":"exbajista-de-caifanes-sabo-romo-expresa-su-deseo-de-recurrir-a-la-eutanasia-para-decidir-su-final","status":"publish","type":"post","link":"https:\/\/eldiariorepublicamx.com\/?p=657","title":{"rendered":"Exbajista de Caifanes, Sabo Romo, expresa su deseo de recurrir a la eutanasia para decidir su final"},"content":{"rendered":"<p>El m\u00fasico mexicano Sabo Romo, conocido por su paso por la banda Caifanes, manifest\u00f3 p\u00fablicamente su intenci\u00f3n de solicitar la eutanasia cuando llegue el momento de su vejez, como parte de su visi\u00f3n personal sobre el final de la vida.<\/p>\n<h3>Una decisi\u00f3n personal y reflexiva<\/h3>\n<p>En una entrevista con TVNotas, el artista de 62 a\u00f1os dej\u00f3 clara su postura, argumentando su deseo de tener control sobre sus \u00faltimos d\u00edas. &#8220;Yo no tengo pareja ni hijos, y no quiero ni a mis sobrinos ni a nadie cambi\u00e1ndome el pa\u00f1al&#8221;, declar\u00f3 Romo. Agreg\u00f3: &#8220;Yo creo que va a haber mucha gente procurando que yo est\u00e9 bien, pero yo nada m\u00e1s espero que, para cuando llegue la vejez, llegue de la mano de la eutanasia y nos quitamos de tantos p3d0s todos. Quiero tener la posibilidad de decidir. No es de si est\u00e1s sano o no, simplemente que ya no tengas ganas (de vivir), y ya est\u00e1&#8221;.<\/p>\n<p>El bajista enfatiz\u00f3 que esta decisi\u00f3n no est\u00e1 condicionada por su salud o su situaci\u00f3n profesional, sino por un deseo personal de autonom\u00eda.<\/p>\n<h3>Cambios en la salud y adaptaci\u00f3n<\/h3>\n<p>Romo ha enfrentado desaf\u00edos de salud, particularmente tras una agresi\u00f3n que sufri\u00f3 en la Ciudad de M\u00e9xico en 2020, la cual le provoc\u00f3 la p\u00e9rdida de la visi\u00f3n en su ojo izquierdo. A pesar de ello, afirma haberse adaptado a su nueva realidad. &#8220;Afortunadamente, el derecho lo tengo bien protegido y ando por la vida. Aprend\u00ed a vivir as\u00ed&#8221;, coment\u00f3.<\/p>\n<p>Tambi\u00e9n reflexion\u00f3 sobre los cambios naturales de la edad, se\u00f1alando que su cuerpo ya no responde como antes y reconociendo las limitaciones propias del envejecimiento.<\/p>\n<h3>Un estilo de vida sin arrepentimientos<\/h3>\n<p>El m\u00fasico habl\u00f3 sobre su decisi\u00f3n de no formar una familia, la cual considera una elecci\u00f3n consciente para mantener su libertad y estilo de vida. &#8220;Yo lo decid\u00ed, porque iban a ser un estorbo. Yo quer\u00eda viajar, probar y mantenerme en el tema de la prueba-error, y pude hacerlo. Los habr\u00eda echado a perder&#8221;, expres\u00f3.<\/p>\n<p>Actualmente, Sabo Romo afirma sentirse tranquilo con su vida personal, dedicando su tiempo a sus amistades y a sus proyectos musicales.<\/p>\n","protected":false},"excerpt":{"rendered":"<p>El m\u00fasico mexicano Sabo Romo, conocido por su paso por la banda Caifanes, manifest\u00f3 p\u00fablicamente su intenci\u00f3n de solicitar la eutanasia cuando llegue el momento&hellip;<\/p>\n","protected":false},"author":2,"featured_media":658,"comment_status":"open","ping_status":"open","sticky":false,"template":"","format":"standard","meta":{"footnotes":""},"categories":[290],"tags":[563,564,565,562,10],"class_list":["post-657","post","type-post","status-publish","format-standard","has-post-thumbnail","hentry","category-sociedad-y-cultura","tag-caifanes","tag-eutanasia","tag-musico","tag-sabo-romo","tag-salud"],"_links":{"self":[{"href":"https:\/\/eldiariorepublicamx.com\/index.php?rest_route=\/wp\/v2\/posts\/657","targetHints":{"allow":["GET"]}}],"collection":[{"href":"https:\/\/eldiariorepublicamx.com\/index.php?rest_route=\/wp\/v2\/posts"}],"about":[{"href":"https:\/\/eldiariorepublicamx.com\/index.php?rest_route=\/wp\/v2\/types\/post"}],"author":[{"embeddable":true,"href":"https:\/\/eldiariorepublicamx.com\/index.php?rest_route=\/wp\/v2\/users\/2"}],"replies":[{"embeddable":true,"href":"https:\/\/eldiariorepublicamx.com\/index.php?rest_route=%2Fwp%2Fv2%2Fcomments&post=657"}],"version-history":[{"count":0,"href":"https:\/\/eldiariorepublicamx.com\/index.php?rest_route=\/wp\/v2\/posts\/657\/revisions"}],"wp:featuredmedia":[{"embeddable":true,"href":"https:\/\/eldiariorepublicamx.com\/index.php?rest_route=\/wp\/v2\/media\/658"}],"wp:attachment":[{"href":"https:\/\/eldiariorepublicamx.com\/index.php?rest_route=%2Fwp%2Fv2%2Fmedia&parent=657"}],"wp:term":[{"taxonomy":"category","embeddable":true,"href":"https:\/\/eldiariorepublicamx.com\/index.php?rest_route=%2Fwp%2Fv2%2Fcategories&post=657"},{"taxonomy":"post_tag","embeddable":true,"href":"https:\/\/eldiariorepublicamx.com\/index.php?rest_route=%2Fwp%2Fv2%2Ftags&post=657"}],"curies":[{"name":"wp","href":"https:\/\/api.w.org\/{rel}","templated":true}]}}