{"id":652,"date":"2026-03-31T10:30:34","date_gmt":"2026-03-31T16:30:34","guid":{"rendered":"https:\/\/eldiariorepublicamx.com\/?p=652"},"modified":"2026-03-31T10:30:34","modified_gmt":"2026-03-31T16:30:34","slug":"sheinbaum-anuncia-negociaciones-con-cuba-para-reanudar-exportaciones-de-petroleo-desde-mexico","status":"publish","type":"post","link":"https:\/\/eldiariorepublicamx.com\/?p=652","title":{"rendered":"Sheinbaum anuncia negociaciones con Cuba para reanudar exportaciones de petr\u00f3leo desde M\u00e9xico"},"content":{"rendered":"<p>El gobierno de la presidenta Claudia Sheinbaum Pardo est\u00e1 trabajando con autoridades cubanas para reactivar el env\u00edo de petr\u00f3leo mexicano a la isla, en el marco de los acuerdos comerciales vigentes. Durante su conferencia de prensa matutina en Palacio Nacional, la mandataria aclar\u00f3 que M\u00e9xico no requiere negociar este asunto con Estados Unidos, afirmando el derecho soberano del pa\u00eds para exportar combustible por motivos humanitarios o comerciales sin interferencias externas.<\/p>\n<h3>Decisi\u00f3n pendiente y contexto econ\u00f3mico<\/h3>\n<p>Sheinbaum se\u00f1al\u00f3 que cualquier determinaci\u00f3n final sobre el reinicio de los env\u00edos se tomar\u00e1 evaluando el contexto econ\u00f3mico y ser\u00e1 anunciada p\u00fablicamente cuando corresponda, sin que exista a\u00fan una fecha concreta para ello. La presidenta tambi\u00e9n inform\u00f3 que empresas privadas han mostrado inter\u00e9s en comprar hidrocarburos a Petr\u00f3leos Mexicanos (Pemex) para su posterior comercializaci\u00f3n en Cuba, lo que ampliar\u00eda las modalidades de suministro m\u00e1s all\u00e1 de los acuerdos exclusivamente gubernamentales.<\/p>\n<h3>Mecanismos de suministro y sector privado<\/h3>\n<p>Explic\u00f3 que en estas operaciones participar\u00edan compa\u00f1\u00edas especializadas en la compra y transporte de combustible, las cuales reportar\u00edan el destino final del crudo conforme a los esquemas comerciales establecidos. Adem\u00e1s, mencion\u00f3 que en la isla, especialmente en el sector tur\u00edstico, existen empresas privadas que requieren energ\u00eda y buscan proveedores a trav\u00e9s de intermediarios.<\/p>\n<h3>Postura contra los bloqueos y ayuda humanitaria<\/h3>\n<p>La presidenta reiter\u00f3 la postura hist\u00f3rica de M\u00e9xico en contra de los bloqueos comerciales, argumentando que estos da\u00f1an directamente a la poblaci\u00f3n. Durante su intervenci\u00f3n, afirm\u00f3: \u201cno debe haber bloqueos, porque da\u00f1an a los pueblos. Formalmente est\u00e1n hechos contra los gobiernos, pero \u00bfa qui\u00e9n da\u00f1an? A la gente\u201d. Asimismo, garantiz\u00f3 que M\u00e9xico continuar\u00e1 proporcionando asistencia humanitaria a Cuba y confirm\u00f3 que ella misma realiz\u00f3 una aportaci\u00f3n personal para este fin.<\/p>\n<h3>Contexto internacional y reconocimiento cubano<\/h3>\n<p>Sheinbaum hizo referencia al contexto internacional, tras conocerse que la administraci\u00f3n del presidente estadounidense Donald Trump habr\u00eda flexibilizado el bloqueo energ\u00e9tico, permitiendo la llegada de un buque con petr\u00f3leo ruso a Cuba. Por otro lado, el presidente cubano, Miguel D\u00edaz-Canel, ha reconocido p\u00fablicamente el apoyo del pueblo mexicano y la relaci\u00f3n de cooperaci\u00f3n que ambas naciones han sostenido durante d\u00e9cadas.<\/p>\n","protected":false},"excerpt":{"rendered":"<p>El gobierno de la presidenta Claudia Sheinbaum Pardo est\u00e1 trabajando con autoridades cubanas para reactivar el env\u00edo de petr\u00f3leo mexicano a la isla, en el&hellip;<\/p>\n","protected":false},"author":2,"featured_media":653,"comment_status":"open","ping_status":"open","sticky":false,"template":"","format":"standard","meta":{"footnotes":""},"categories":[53,252],"tags":[558,13,55,557,281],"class_list":["post-652","post","type-post","status-publish","format-standard","has-post-thumbnail","hentry","category-agenda-internacional","category-agenda-nacional","tag-bloqueo","tag-claudia-sheinbaum","tag-cuba","tag-exportaciones","tag-petroleo"],"_links":{"self":[{"href":"https:\/\/eldiariorepublicamx.com\/index.php?rest_route=\/wp\/v2\/posts\/652","targetHints":{"allow":["GET"]}}],"collection":[{"href":"https:\/\/eldiariorepublicamx.com\/index.php?rest_route=\/wp\/v2\/posts"}],"about":[{"href":"https:\/\/eldiariorepublicamx.com\/index.php?rest_route=\/wp\/v2\/types\/post"}],"author":[{"embeddable":true,"href":"https:\/\/eldiariorepublicamx.com\/index.php?rest_route=\/wp\/v2\/users\/2"}],"replies":[{"embeddable":true,"href":"https:\/\/eldiariorepublicamx.com\/index.php?rest_route=%2Fwp%2Fv2%2Fcomments&post=652"}],"version-history":[{"count":0,"href":"https:\/\/eldiariorepublicamx.com\/index.php?rest_route=\/wp\/v2\/posts\/652\/revisions"}],"wp:featuredmedia":[{"embeddable":true,"href":"https:\/\/eldiariorepublicamx.com\/index.php?rest_route=\/wp\/v2\/media\/653"}],"wp:attachment":[{"href":"https:\/\/eldiariorepublicamx.com\/index.php?rest_route=%2Fwp%2Fv2%2Fmedia&parent=652"}],"wp:term":[{"taxonomy":"category","embeddable":true,"href":"https:\/\/eldiariorepublicamx.com\/index.php?rest_route=%2Fwp%2Fv2%2Fcategories&post=652"},{"taxonomy":"post_tag","embeddable":true,"href":"https:\/\/eldiariorepublicamx.com\/index.php?rest_route=%2Fwp%2Fv2%2Ftags&post=652"}],"curies":[{"name":"wp","href":"https:\/\/api.w.org\/{rel}","templated":true}]}}