{"id":650,"date":"2026-03-31T10:30:30","date_gmt":"2026-03-31T16:30:30","guid":{"rendered":"https:\/\/eldiariorepublicamx.com\/?p=650"},"modified":"2026-03-31T10:30:30","modified_gmt":"2026-03-31T16:30:30","slug":"gobierno-federal-alcanza-97-de-disponibilidad-de-medicamentos-en-instituciones-publicas-de-salud","status":"publish","type":"post","link":"https:\/\/eldiariorepublicamx.com\/?p=650","title":{"rendered":"Gobierno federal alcanza 97% de disponibilidad de medicamentos en instituciones p\u00fablicas de salud"},"content":{"rendered":"<p>La presidenta Claudia Sheinbaum inform\u00f3 este lunes que las farmacias del Instituto Mexicano del Seguro Social (IMSS), del Instituto de Seguridad y Servicios Sociales de los Trabajadores del Estado (Issste) y del programa IMSS-Bienestar registran un promedio de 97% de abasto de medicamentos, con el objetivo de llegar al cien por ciento. Durante su conferencia matutina, la mandataria detall\u00f3 los mecanismos para que los pacientes reporten cualquier falla en el suministro de sus recetas.<\/p>\n<h3>Canales para reportar problemas<\/h3>\n<p>Sheinbaum explic\u00f3 que, en caso de que a un paciente no se le surta la receta completa o no reciba una atenci\u00f3n adecuada, el primer paso es acudir a las \u00e1reas de Trato Digno disponibles en todos los hospitales y cl\u00ednicas. &#8220;Hemos avanzado much\u00edsimo en el abasto de medicamentos y siempre est\u00e1 el 079 para hablar en caso que no sean bien atendidos&#8221;, se\u00f1al\u00f3. Si el problema persiste, se puede llamar al n\u00famero telef\u00f3nico 079 o ingresar a la p\u00e1gina web <a href=\"http:\/\/www.recetacompleta.gob.mx\">www.recetacompleta.gob.mx<\/a> para presentar una queja en l\u00ednea.<\/p>\n<h3>Optimizaci\u00f3n de la compra de f\u00e1rmacos<\/h3>\n<p>El secretario de Salud, David Kershenobich, present\u00f3 durante la misma conferencia una modificaci\u00f3n en la estrategia de adquisici\u00f3n de medicamentos. Mediante la implementaci\u00f3n de Protocolos Nacionales de Salud, se redujo el n\u00famero de claves (tipos de medicamentos) adquiridos de 2,753 a 1,929. Kershenobich fundament\u00f3 esta decisi\u00f3n en la identificaci\u00f3n de f\u00e1rmacos obsoletos o innecesarios, se\u00f1alando que el 21% de los medicamentos en atenci\u00f3n primaria pueden sustituirse por otros m\u00e1s eficaces y el 41% puede actualizarse con alternativas modernas.<\/p>\n<h3>Cifras de distribuci\u00f3n por instituci\u00f3n<\/h3>\n<p>Los directores de las tres instituciones proporcionaron datos sobre la distribuci\u00f3n de insumos en los \u00faltimos meses. Zo\u00e9 Robledo, director del IMSS, report\u00f3 el surtimiento de 371.2 millones de piezas de medicamentos en el \u00faltimo semestre. Por su parte, Mart\u00ed Batres, titular del Issste, inform\u00f3 de casi 62 millones de piezas de medicamentos, materiales de curaci\u00f3n y vacunas en el mismo periodo. Alejandro Svarch, director general de IMSS-Bienestar, indic\u00f3 que, a trav\u00e9s de las &#8220;Rutas de la salud&#8221; en los \u00faltimos siete meses, se han entregado 162 millones de piezas. En total, las tres instituciones distribuyeron aproximadamente 595.2 millones de piezas de medicamentos e insumos.<\/p>\n","protected":false},"excerpt":{"rendered":"<p>La presidenta Claudia Sheinbaum inform\u00f3 este lunes que las farmacias del Instituto Mexicano del Seguro Social (IMSS), del Instituto de Seguridad y Servicios Sociales de&hellip;<\/p>\n","protected":false},"author":2,"featured_media":651,"comment_status":"open","ping_status":"open","sticky":false,"template":"","format":"standard","meta":{"footnotes":""},"categories":[252,290],"tags":[556,13,101,229,555],"class_list":["post-650","post","type-post","status-publish","format-standard","has-post-thumbnail","hentry","category-agenda-nacional","category-sociedad-y-cultura","tag-abasto","tag-claudia-sheinbaum","tag-imss","tag-issste","tag-medicamentos"],"_links":{"self":[{"href":"https:\/\/eldiariorepublicamx.com\/index.php?rest_route=\/wp\/v2\/posts\/650","targetHints":{"allow":["GET"]}}],"collection":[{"href":"https:\/\/eldiariorepublicamx.com\/index.php?rest_route=\/wp\/v2\/posts"}],"about":[{"href":"https:\/\/eldiariorepublicamx.com\/index.php?rest_route=\/wp\/v2\/types\/post"}],"author":[{"embeddable":true,"href":"https:\/\/eldiariorepublicamx.com\/index.php?rest_route=\/wp\/v2\/users\/2"}],"replies":[{"embeddable":true,"href":"https:\/\/eldiariorepublicamx.com\/index.php?rest_route=%2Fwp%2Fv2%2Fcomments&post=650"}],"version-history":[{"count":0,"href":"https:\/\/eldiariorepublicamx.com\/index.php?rest_route=\/wp\/v2\/posts\/650\/revisions"}],"wp:featuredmedia":[{"embeddable":true,"href":"https:\/\/eldiariorepublicamx.com\/index.php?rest_route=\/wp\/v2\/media\/651"}],"wp:attachment":[{"href":"https:\/\/eldiariorepublicamx.com\/index.php?rest_route=%2Fwp%2Fv2%2Fmedia&parent=650"}],"wp:term":[{"taxonomy":"category","embeddable":true,"href":"https:\/\/eldiariorepublicamx.com\/index.php?rest_route=%2Fwp%2Fv2%2Fcategories&post=650"},{"taxonomy":"post_tag","embeddable":true,"href":"https:\/\/eldiariorepublicamx.com\/index.php?rest_route=%2Fwp%2Fv2%2Ftags&post=650"}],"curies":[{"name":"wp","href":"https:\/\/api.w.org\/{rel}","templated":true}]}}