{"id":648,"date":"2026-03-31T10:30:16","date_gmt":"2026-03-31T16:30:16","guid":{"rendered":"https:\/\/eldiariorepublicamx.com\/?p=648"},"modified":"2026-03-31T10:30:16","modified_gmt":"2026-03-31T16:30:16","slug":"encuentro-presidencial-anticipa-un-mundial-2026-excepcional-en-mexico","status":"publish","type":"post","link":"https:\/\/eldiariorepublicamx.com\/?p=648","title":{"rendered":"Encuentro presidencial anticipa un Mundial 2026 excepcional en M\u00e9xico"},"content":{"rendered":"<p>La presidenta de M\u00e9xico, Claudia Sheinbaum, se reuni\u00f3 en Palacio Nacional con Gianni Infantino, presidente de la FIFA, para revisar los preparativos de la Copa del Mundo 2026, proyectando un evento hist\u00f3rico y exitoso para el pa\u00eds.<\/p>\n<h3>Optimismo y cercan\u00eda en la reuni\u00f3n<\/h3>\n<p>El encuentro, caracterizado por un ambiente positivo, fue documentado en un video compartido por la mandataria en sus redes sociales. En la grabaci\u00f3n, ambos aparecen sonrientes y relajados. Sheinbaum afirm\u00f3 durante la reuni\u00f3n: &#8220;Estoy con Gianni Infantino, presidente de la FIFA, que est\u00e1 con nosotros como invitado especial porque estamos evaluando todo para el pr\u00f3ximo Mundial y todo va a salir maravilloso. Esta inauguraci\u00f3n va a ser hist\u00f3rica, excepcional&#8221;.<\/p>\n<p>El dirigente de la FIFA tambi\u00e9n manifest\u00f3 su entusiasmo por la organizaci\u00f3n del torneo, declarando: &#8220;Y bueno, preparando este Mundial que va a ser una fiesta, que va a ser un \u00e9xito para M\u00e9xico porque somos todos mexicanos&#8221;.<\/p>\n<h3>Detalles del encuentro y mensaje a la afici\u00f3n<\/h3>\n<p>La reuni\u00f3n tuvo momentos de informalidad, donde Sheinbaum mostr\u00f3 algunos obsequios recibidos, como las tarjetas oficiales de la FIFA, haciendo un comentario jocoso sobre la tarjeta roja. Adem\u00e1s, la presidenta extendi\u00f3 una invitaci\u00f3n a un desayuno t\u00edpico mexicano, un omelette de flor de calabaza, que Infantino calific\u00f3 como &#8220;delicioso&#8221;.<\/p>\n<p>Sheinbaum aprovech\u00f3 la ocasi\u00f3n para enviar un mensaje de unidad y apoyo a la afici\u00f3n nacional, expresando: &#8220;Todo va a salir muy bien en el Mundial y recuerden que todos hay que echarle muchas porras a la selecci\u00f3n nacional, as\u00ed que todos con buena vibra en este Mundial&#8221;.<\/p>\n<h3>El escenario de la inauguraci\u00f3n<\/h3>\n<p>La cuenta regresiva para el evento m\u00e1s importante del f\u00fatbol mundial ya est\u00e1 en marcha. La ceremonia inaugural est\u00e1 programada para el 11 de junio en el Estadio Azteca, con el partido entre las selecciones de M\u00e9xico y Sud\u00e1frica dando el puntapi\u00e9 inicial a las 13:00 horas.<\/p>\n","protected":false},"excerpt":{"rendered":"<p>La presidenta de M\u00e9xico, Claudia Sheinbaum, se reuni\u00f3 en Palacio Nacional con Gianni Infantino, presidente de la FIFA, para revisar los preparativos de la Copa&hellip;<\/p>\n","protected":false},"author":2,"featured_media":649,"comment_status":"open","ping_status":"open","sticky":false,"template":"","format":"standard","meta":{"footnotes":""},"categories":[291,290],"tags":[13,452,454,45,120],"class_list":["post-648","post","type-post","status-publish","format-standard","has-post-thumbnail","hentry","category-deportes","category-sociedad-y-cultura","tag-claudia-sheinbaum","tag-fifa","tag-gianni-infantino","tag-mexico","tag-mundial-2026"],"_links":{"self":[{"href":"https:\/\/eldiariorepublicamx.com\/index.php?rest_route=\/wp\/v2\/posts\/648","targetHints":{"allow":["GET"]}}],"collection":[{"href":"https:\/\/eldiariorepublicamx.com\/index.php?rest_route=\/wp\/v2\/posts"}],"about":[{"href":"https:\/\/eldiariorepublicamx.com\/index.php?rest_route=\/wp\/v2\/types\/post"}],"author":[{"embeddable":true,"href":"https:\/\/eldiariorepublicamx.com\/index.php?rest_route=\/wp\/v2\/users\/2"}],"replies":[{"embeddable":true,"href":"https:\/\/eldiariorepublicamx.com\/index.php?rest_route=%2Fwp%2Fv2%2Fcomments&post=648"}],"version-history":[{"count":0,"href":"https:\/\/eldiariorepublicamx.com\/index.php?rest_route=\/wp\/v2\/posts\/648\/revisions"}],"wp:featuredmedia":[{"embeddable":true,"href":"https:\/\/eldiariorepublicamx.com\/index.php?rest_route=\/wp\/v2\/media\/649"}],"wp:attachment":[{"href":"https:\/\/eldiariorepublicamx.com\/index.php?rest_route=%2Fwp%2Fv2%2Fmedia&parent=648"}],"wp:term":[{"taxonomy":"category","embeddable":true,"href":"https:\/\/eldiariorepublicamx.com\/index.php?rest_route=%2Fwp%2Fv2%2Fcategories&post=648"},{"taxonomy":"post_tag","embeddable":true,"href":"https:\/\/eldiariorepublicamx.com\/index.php?rest_route=%2Fwp%2Fv2%2Ftags&post=648"}],"curies":[{"name":"wp","href":"https:\/\/api.w.org\/{rel}","templated":true}]}}