{"id":646,"date":"2026-03-31T10:30:16","date_gmt":"2026-03-31T16:30:16","guid":{"rendered":"https:\/\/eldiariorepublicamx.com\/?p=646"},"modified":"2026-03-31T10:30:16","modified_gmt":"2026-03-31T16:30:16","slug":"presidenta-sheinbaum-confia-en-exito-del-mundial-tras-encuentro-con-lider-de-fifa","status":"publish","type":"post","link":"https:\/\/eldiariorepublicamx.com\/?p=646","title":{"rendered":"Presidenta Sheinbaum conf\u00eda en \u00e9xito del Mundial tras encuentro con l\u00edder de FIFA"},"content":{"rendered":"<p>La presidenta de M\u00e9xico, Claudia Sheinbaum, y el presidente de la FIFA, Gianni Infantino, se reunieron en Palacio Nacional para abordar los preparativos del pr\u00f3ximo torneo mundialista, expresando su seguridad en que la organizaci\u00f3n ser\u00e1 un \u00e9xito.<\/p>\n<h3>Compromiso y apoyo total<\/h3>\n<p>Sheinbaum difundi\u00f3 un video en sus redes sociales donde manifest\u00f3 que &#8220;todo va a salir maravilloso&#8221; y calific\u00f3 la ceremonia inaugural como &#8220;hist\u00f3rica y excepcional&#8221;. Por su lado, Infantino se declar\u00f3 entusiasmado con la visita y la colaboraci\u00f3n conjunta, expresando su alegr\u00eda por estar en el pa\u00eds.<\/p>\n<p>Durante el encuentro, el dirigente deportivo entreg\u00f3 a la mandataria un paquete con las tarjetas oficiales \u2014roja y amarilla\u2014 que se emplear\u00e1n en el certamen. La presidenta solicit\u00f3 a los aficionados respaldar al equipo nacional con &#8220;buena vibra&#8221;.<\/p>\n<h3>Evaluaci\u00f3n de los preparativos<\/h3>\n<p>En una conferencia de prensa previa, Sheinbaum evalu\u00f3 positivamente el partido de reinauguraci\u00f3n del Estadio Azteca como un ensayo \u00fatil rumbo al Mundial, aunque admiti\u00f3 que subsisten \u00e1reas de mejora, especialmente en movilidad y adecuaciones que corresponden a los due\u00f1os del recinto.<\/p>\n<p>Sobre la seguridad, afirm\u00f3 que ya existe un protocolo robusto para que los visitantes disfruten su estancia en territorio mexicano.<\/p>\n<h3>Log\u00edstica y respuesta a cuestionamientos<\/h3>\n<p>La mandataria consider\u00f3 exitoso el operativo del evento reciente, pues permiti\u00f3 a los asistentes estacionar sus veh\u00edculos en zonas distantes y trasladarse eficientemente al estadio, adem\u00e1s de que las zonas circundantes funcionaron adecuadamente.<\/p>\n<p>Frente a las cr\u00edticas de algunos seguidores, Sheinbaum recalc\u00f3 la importancia de mantener el apoyo al combinado nacional, a la vez que reconoci\u00f3 se\u00f1alamientos v\u00e1lidos hacia la Federaci\u00f3n Mexicana de Futbol, sobre todo en lo referente al desarrollo de las divisiones menores.<\/p>\n<p>Acerca de las protestas registradas y su posible continuidad, se\u00f1al\u00f3 que la Secretar\u00eda de Gobernaci\u00f3n y el gobierno capitalino atender\u00e1n las demandas leg\u00edtimas de diversos grupos. Sin embargo, critic\u00f3 a quienes \u2014en su opini\u00f3n\u2014 buscan da\u00f1ar la imagen de M\u00e9xico, aludiendo a actores pol\u00edticos que viajan al exterior para emitir opiniones negativas sobre el pa\u00eds.<\/p>\n","protected":false},"excerpt":{"rendered":"<p>La presidenta de M\u00e9xico, Claudia Sheinbaum, y el presidente de la FIFA, Gianni Infantino, se reunieron en Palacio Nacional para abordar los preparativos del pr\u00f3ximo&hellip;<\/p>\n","protected":false},"author":2,"featured_media":647,"comment_status":"open","ping_status":"open","sticky":false,"template":"","format":"standard","meta":{"footnotes":""},"categories":[252,290],"tags":[13,553,452,552,554],"class_list":["post-646","post","type-post","status-publish","format-standard","has-post-thumbnail","hentry","category-agenda-nacional","category-sociedad-y-cultura","tag-claudia-sheinbaum","tag-estadio-azteca","tag-fifa","tag-mundial","tag-seleccion-nacional"],"_links":{"self":[{"href":"https:\/\/eldiariorepublicamx.com\/index.php?rest_route=\/wp\/v2\/posts\/646","targetHints":{"allow":["GET"]}}],"collection":[{"href":"https:\/\/eldiariorepublicamx.com\/index.php?rest_route=\/wp\/v2\/posts"}],"about":[{"href":"https:\/\/eldiariorepublicamx.com\/index.php?rest_route=\/wp\/v2\/types\/post"}],"author":[{"embeddable":true,"href":"https:\/\/eldiariorepublicamx.com\/index.php?rest_route=\/wp\/v2\/users\/2"}],"replies":[{"embeddable":true,"href":"https:\/\/eldiariorepublicamx.com\/index.php?rest_route=%2Fwp%2Fv2%2Fcomments&post=646"}],"version-history":[{"count":0,"href":"https:\/\/eldiariorepublicamx.com\/index.php?rest_route=\/wp\/v2\/posts\/646\/revisions"}],"wp:featuredmedia":[{"embeddable":true,"href":"https:\/\/eldiariorepublicamx.com\/index.php?rest_route=\/wp\/v2\/media\/647"}],"wp:attachment":[{"href":"https:\/\/eldiariorepublicamx.com\/index.php?rest_route=%2Fwp%2Fv2%2Fmedia&parent=646"}],"wp:term":[{"taxonomy":"category","embeddable":true,"href":"https:\/\/eldiariorepublicamx.com\/index.php?rest_route=%2Fwp%2Fv2%2Fcategories&post=646"},{"taxonomy":"post_tag","embeddable":true,"href":"https:\/\/eldiariorepublicamx.com\/index.php?rest_route=%2Fwp%2Fv2%2Ftags&post=646"}],"curies":[{"name":"wp","href":"https:\/\/api.w.org\/{rel}","templated":true}]}}