{"id":644,"date":"2026-03-31T10:30:14","date_gmt":"2026-03-31T16:30:14","guid":{"rendered":"https:\/\/eldiariorepublicamx.com\/?p=644"},"modified":"2026-03-31T10:30:14","modified_gmt":"2026-03-31T16:30:14","slug":"tribunal-internacional-respalda-a-sheinbaum-en-cancelacion-de-contrato-de-tabletas-para-taxis-capitalinos","status":"publish","type":"post","link":"https:\/\/eldiariorepublicamx.com\/?p=644","title":{"rendered":"Tribunal internacional respalda a Sheinbaum en cancelaci\u00f3n de contrato de tabletas para taxis capitalinos"},"content":{"rendered":"<p>Un tribunal internacional fall\u00f3 a favor del gobierno de la Ciudad de M\u00e9xico en un arbitraje relacionado con la cancelaci\u00f3n de un contrato para tabletas electr\u00f3nicas en taxis, un caso que data de 2016 y que la presidenta Claudia Sheinbaum calific\u00f3 de irregular. Durante su conferencia matutina del 31 de marzo, Sheinbaum anunci\u00f3 el resultado favorable y adelant\u00f3 que revelar\u00e1 detalles de lo que considera un entramado corrupto ocurrido durante la administraci\u00f3n de Miguel Mancera.<\/p>\n<h3>Origen del programa y cancelaci\u00f3n<\/h3>\n<p>El programa fue impulsado por la Secretar\u00eda de Movilidad (Semovi) cuando Miguel Mancera era jefe de gobierno, con el objetivo de modernizar los 140 mil taxis de la capital reemplazando tax\u00edmetros tradicionales por dispositivos electr\u00f3nicos con funciones como aplicaci\u00f3n gratuita, bot\u00f3n de p\u00e1nico y geolocalizaci\u00f3n. H\u00e9ctor Serrano, entonces titular de Semovi, fue el responsable del proyecto.<\/p>\n<p>Al asumir la jefatura de gobierno en 2018, Sheinbaum recibi\u00f3 quejas de taxistas sobre los costos de los dispositivos y la falta de consulta en la selecci\u00f3n del proveedor. Una revisi\u00f3n del expediente por parte de su administraci\u00f3n detect\u00f3 irregularidades en la asignaci\u00f3n de la concesi\u00f3n, lo que llev\u00f3 a la decisi\u00f3n de cancelar el contrato.<\/p>\n<h3>Litigio internacional y resoluci\u00f3n<\/h3>\n<p>Los concesionarios y exfuncionarios involucrados presentaron entonces un arbitraje internacional bajo el tratado comercial con Estados Unidos, argumentando que empresas estadounidenses vinculadas al negocio hab\u00edan sido afectadas y que la cancelaci\u00f3n violaba el acuerdo. El proceso dur\u00f3 varios a\u00f1os, con audiencias p\u00fablicas en Estados Unidos donde se expusieron detalles sobre las negociaciones y los actores pol\u00edticos participantes.<\/p>\n<p>Sheinbaum explic\u00f3 que durante el arbitraje estaba prohibido divulgar informaci\u00f3n relacionada con la controversia. Ahora, con el fallo que confirma la legalidad de la cancelaci\u00f3n y la ausencia de violaci\u00f3n al tratado comercial, esa restricci\u00f3n ha desaparecido.<\/p>\n<h3>Pr\u00f3ximas revelaciones<\/h3>\n<p>La presidenta anticip\u00f3 que, con el apoyo de cuatro secretarios de Econom\u00eda a lo largo del proceso \u2014Graciela M\u00e1rquez, Tatiana Clouthier, Raquel Buenrostro y Marcelo Ebrard\u2014, se informar\u00e1 sobre el entramado completo del caso. <\/p>\n<blockquote><p>\u201cCuando venga alg\u00fan diputado, vamos a informar todo el entramado\u201d<\/p><\/blockquote>\n<p>, declar\u00f3 Sheinbaum, quien pidi\u00f3 a Andr\u00e9s Lay\u00fas, exsecretario de Movilidad de la CDMX y responsable del seguimiento del caso, que acuda a explicar los detalles. <\/p>\n<blockquote><p>\u201cEs muy interesante c\u00f3mo se dio la asignaci\u00f3n de esa tableta\u201d<\/p><\/blockquote>\n<p>, subray\u00f3, dejando entrever que en los pr\u00f3ximos d\u00edas se conocer\u00e1n m\u00e1s revelaciones sobre el proceso de adjudicaci\u00f3n.<\/p>\n","protected":false},"excerpt":{"rendered":"<p>Un tribunal internacional fall\u00f3 a favor del gobierno de la Ciudad de M\u00e9xico en un arbitraje relacionado con la cancelaci\u00f3n de un contrato para tabletas&hellip;<\/p>\n","protected":false},"author":2,"featured_media":645,"comment_status":"open","ping_status":"open","sticky":false,"template":"","format":"standard","meta":{"footnotes":""},"categories":[252,290],"tags":[187,287,551,288,549,550,548],"class_list":["post-644","post","type-post","status-publish","format-standard","has-post-thumbnail","hentry","category-agenda-nacional","category-sociedad-y-cultura","tag-cdmx","tag-corrupcion","tag-mancera","tag-sheinbaum","tag-tabletas","tag-taxis","tag-tribunal-internacional"],"_links":{"self":[{"href":"https:\/\/eldiariorepublicamx.com\/index.php?rest_route=\/wp\/v2\/posts\/644","targetHints":{"allow":["GET"]}}],"collection":[{"href":"https:\/\/eldiariorepublicamx.com\/index.php?rest_route=\/wp\/v2\/posts"}],"about":[{"href":"https:\/\/eldiariorepublicamx.com\/index.php?rest_route=\/wp\/v2\/types\/post"}],"author":[{"embeddable":true,"href":"https:\/\/eldiariorepublicamx.com\/index.php?rest_route=\/wp\/v2\/users\/2"}],"replies":[{"embeddable":true,"href":"https:\/\/eldiariorepublicamx.com\/index.php?rest_route=%2Fwp%2Fv2%2Fcomments&post=644"}],"version-history":[{"count":0,"href":"https:\/\/eldiariorepublicamx.com\/index.php?rest_route=\/wp\/v2\/posts\/644\/revisions"}],"wp:featuredmedia":[{"embeddable":true,"href":"https:\/\/eldiariorepublicamx.com\/index.php?rest_route=\/wp\/v2\/media\/645"}],"wp:attachment":[{"href":"https:\/\/eldiariorepublicamx.com\/index.php?rest_route=%2Fwp%2Fv2%2Fmedia&parent=644"}],"wp:term":[{"taxonomy":"category","embeddable":true,"href":"https:\/\/eldiariorepublicamx.com\/index.php?rest_route=%2Fwp%2Fv2%2Fcategories&post=644"},{"taxonomy":"post_tag","embeddable":true,"href":"https:\/\/eldiariorepublicamx.com\/index.php?rest_route=%2Fwp%2Fv2%2Ftags&post=644"}],"curies":[{"name":"wp","href":"https:\/\/api.w.org\/{rel}","templated":true}]}}