{"id":640,"date":"2026-03-31T10:30:06","date_gmt":"2026-03-31T16:30:06","guid":{"rendered":"https:\/\/eldiariorepublicamx.com\/?p=640"},"modified":"2026-03-31T10:30:06","modified_gmt":"2026-03-31T16:30:06","slug":"presidenta-sheinbaum-anuncia-aplazamiento-en-la-puesta-en-marcha-del-tren-lecheria-aifa-durante-la-mananera","status":"publish","type":"post","link":"https:\/\/eldiariorepublicamx.com\/?p=640","title":{"rendered":"Presidenta Sheinbaum anuncia aplazamiento en la puesta en marcha del Tren Lecher\u00eda-AIFA durante la ma\u00f1anera"},"content":{"rendered":"<p>En su conferencia matutina de este 31 de marzo, la presidenta Claudia Sheinbaum inform\u00f3 que el inicio de operaciones del Tren Lecher\u00eda-AIFA se pospondr\u00e1 algunas semanas, debido a que el proyecto a\u00fan no ha recibido la certificaci\u00f3n final necesaria para su funcionamiento.<\/p>\n<h3>Espera de certificaci\u00f3n<\/h3>\n<p>Al ser cuestionada sobre el avance de la obra, la mandataria explic\u00f3 que la fecha exacta de inauguraci\u00f3n se retrasar\u00e1, aunque no proporcion\u00f3 un nuevo calendario espec\u00edfico en ese momento. &#8220;Se va a retrasar la inauguraci\u00f3n&#8221;, se\u00f1al\u00f3 Sheinbaum durante el encuentro con la prensa.<\/p>\n<blockquote><p>&#8220;Como siguen las pruebas y no les han dado la certificaci\u00f3n, ya me dijeron que se va a retrasar algunas semanas la inauguraci\u00f3n, porque queremos que est\u00e9 certificado para que se pueda operar. Entonces, la fecha est\u00e1n por d\u00e1rmela, pero es ya en unos d\u00edas&#8221;.<\/p><\/blockquote>\n<p>La presidenta adelant\u00f3 que la nueva fecha ser\u00e1 comunicada oficialmente en los pr\u00f3ximos d\u00edas, una vez que se cuente con toda la informaci\u00f3n precisa.<\/p>\n<h3>Un proyecto prioritario de movilidad<\/h3>\n<p>Esta l\u00ednea ferroviaria forma parte de las obras de infraestructura prioritarias del gobierno federal, dise\u00f1ada para mejorar la conectividad y el acceso al Aeropuerto Internacional Felipe \u00c1ngeles (AIFA). El ramal, que partir\u00e1 desde la estaci\u00f3n Lecher\u00eda, contempla la construcci\u00f3n de seis estaciones intermedias antes de llegar al aeropuerto.<\/p>\n<p>El plan original del Tren Suburbano al AIFA, cuya inauguraci\u00f3n estaba programada para 2026, promete conectar el centro de la Ciudad de M\u00e9xico, desde Buenavista, con el aeropuerto en un tiempo estimado de viaje de 43 a 45 minutos.<\/p>\n","protected":false},"excerpt":{"rendered":"<p>En su conferencia matutina de este 31 de marzo, la presidenta Claudia Sheinbaum inform\u00f3 que el inicio de operaciones del Tren Lecher\u00eda-AIFA se pospondr\u00e1 algunas&hellip;<\/p>\n","protected":false},"author":2,"featured_media":641,"comment_status":"open","ping_status":"open","sticky":false,"template":"","format":"standard","meta":{"footnotes":""},"categories":[251],"tags":[541,544,542,543,288,540],"class_list":["post-640","post","type-post","status-publish","format-standard","has-post-thumbnail","hentry","category-la-mananera-en-breve","tag-aifa","tag-certificacion","tag-inauguracion","tag-retraso","tag-sheinbaum","tag-tren-lecheria-aifa"],"_links":{"self":[{"href":"https:\/\/eldiariorepublicamx.com\/index.php?rest_route=\/wp\/v2\/posts\/640","targetHints":{"allow":["GET"]}}],"collection":[{"href":"https:\/\/eldiariorepublicamx.com\/index.php?rest_route=\/wp\/v2\/posts"}],"about":[{"href":"https:\/\/eldiariorepublicamx.com\/index.php?rest_route=\/wp\/v2\/types\/post"}],"author":[{"embeddable":true,"href":"https:\/\/eldiariorepublicamx.com\/index.php?rest_route=\/wp\/v2\/users\/2"}],"replies":[{"embeddable":true,"href":"https:\/\/eldiariorepublicamx.com\/index.php?rest_route=%2Fwp%2Fv2%2Fcomments&post=640"}],"version-history":[{"count":0,"href":"https:\/\/eldiariorepublicamx.com\/index.php?rest_route=\/wp\/v2\/posts\/640\/revisions"}],"wp:featuredmedia":[{"embeddable":true,"href":"https:\/\/eldiariorepublicamx.com\/index.php?rest_route=\/wp\/v2\/media\/641"}],"wp:attachment":[{"href":"https:\/\/eldiariorepublicamx.com\/index.php?rest_route=%2Fwp%2Fv2%2Fmedia&parent=640"}],"wp:term":[{"taxonomy":"category","embeddable":true,"href":"https:\/\/eldiariorepublicamx.com\/index.php?rest_route=%2Fwp%2Fv2%2Fcategories&post=640"},{"taxonomy":"post_tag","embeddable":true,"href":"https:\/\/eldiariorepublicamx.com\/index.php?rest_route=%2Fwp%2Fv2%2Ftags&post=640"}],"curies":[{"name":"wp","href":"https:\/\/api.w.org\/{rel}","templated":true}]}}