{"id":638,"date":"2026-03-31T10:30:03","date_gmt":"2026-03-31T16:30:03","guid":{"rendered":"https:\/\/eldiariorepublicamx.com\/?p=638"},"modified":"2026-03-31T10:30:03","modified_gmt":"2026-03-31T16:30:03","slug":"subsecretario-de-salud-reporta-descenso-en-casos-de-sarampion-tras-jornada-de-vacunacion-masiva-en-la-mananera","status":"publish","type":"post","link":"https:\/\/eldiariorepublicamx.com\/?p=638","title":{"rendered":"Subsecretario de Salud reporta descenso en casos de sarampi\u00f3n tras jornada de vacunaci\u00f3n masiva en la ma\u00f1anera"},"content":{"rendered":"<p>Durante la conferencia matutina de este martes 31 de marzo, el subsecretario de Salud, Eduardo Clark, anunci\u00f3 que la transmisi\u00f3n del sarampi\u00f3n ha disminuido en todo el territorio nacional gracias al avance de la campa\u00f1a de vacunaci\u00f3n.<\/p>\n<p>Clark detall\u00f3 que, desde el arranque de la jornada impulsada por el gobierno federal, se han administrado 17.2 millones de dosis de la vacuna en un periodo de siete semanas, lo que ha resultado en una reducci\u00f3n de contagios en las 32 entidades del pa\u00eds.<\/p>\n<h3>Resultados de la estrategia de vacunaci\u00f3n<\/h3>\n<p>Desde Palacio Nacional, el funcionario afirm\u00f3: \u201cHoy podemos afirmar que el sarampi\u00f3n va claramente a la baja, ya por cuatro semanas\u201d. Pese a la tendencia favorable, hizo un llamado a mantener la alerta y continuar con la inmunizaci\u00f3n para evitar posibles rebrotes.<\/p>\n<p>Se\u00f1al\u00f3 que los grupos prioritarios para recibir la vacuna son los ni\u00f1os de 6 meses a 12 a\u00f1os que no hayan sido inmunizados o solo tengan una dosis, as\u00ed como las personas de 13 a 49 a\u00f1os que carezcan del esquema completo de dos dosis o desconozcan su historial de vacunaci\u00f3n.<\/p>\n<h3>Llamado a completar esquemas<\/h3>\n<p>El subsecretario exhort\u00f3 a madres, padres y a la poblaci\u00f3n en general a acudir a los centros de salud, subrayando que la vacunaci\u00f3n sigue siendo la herramienta m\u00e1s efectiva para contener el virus.<\/p>\n<p>Insisti\u00f3 en que la consolidaci\u00f3n del descenso de casos depende de una mayor cobertura de inmunizaci\u00f3n. \u201cLa mejor manera de garantizar que seguimos bajando y, muy importante, de protegernos a largo plazo, es que las personas que no se han vacunado acudan de manera prioritaria\u201d, puntualiz\u00f3 Clark.<\/p>\n<p>Con este progreso, las autoridades sanitarias consideran que M\u00e9xico avanza hacia el control de la transmisi\u00f3n del sarampi\u00f3n, siempre que se mantenga el ritmo de vacunaci\u00f3n en los sectores m\u00e1s vulnerables.<\/p>\n","protected":false},"excerpt":{"rendered":"<p>Durante la conferencia matutina de este martes 31 de marzo, el subsecretario de Salud, Eduardo Clark, anunci\u00f3 que la transmisi\u00f3n del sarampi\u00f3n ha disminuido en&hellip;<\/p>\n","protected":false},"author":2,"featured_media":639,"comment_status":"open","ping_status":"open","sticky":false,"template":"","format":"standard","meta":{"footnotes":""},"categories":[251],"tags":[539,538,10,536,537],"class_list":["post-638","post","type-post","status-publish","format-standard","has-post-thumbnail","hentry","category-la-mananera-en-breve","tag-campana","tag-eduardo-clark","tag-salud","tag-sarampion","tag-vacunacion"],"_links":{"self":[{"href":"https:\/\/eldiariorepublicamx.com\/index.php?rest_route=\/wp\/v2\/posts\/638","targetHints":{"allow":["GET"]}}],"collection":[{"href":"https:\/\/eldiariorepublicamx.com\/index.php?rest_route=\/wp\/v2\/posts"}],"about":[{"href":"https:\/\/eldiariorepublicamx.com\/index.php?rest_route=\/wp\/v2\/types\/post"}],"author":[{"embeddable":true,"href":"https:\/\/eldiariorepublicamx.com\/index.php?rest_route=\/wp\/v2\/users\/2"}],"replies":[{"embeddable":true,"href":"https:\/\/eldiariorepublicamx.com\/index.php?rest_route=%2Fwp%2Fv2%2Fcomments&post=638"}],"version-history":[{"count":0,"href":"https:\/\/eldiariorepublicamx.com\/index.php?rest_route=\/wp\/v2\/posts\/638\/revisions"}],"wp:featuredmedia":[{"embeddable":true,"href":"https:\/\/eldiariorepublicamx.com\/index.php?rest_route=\/wp\/v2\/media\/639"}],"wp:attachment":[{"href":"https:\/\/eldiariorepublicamx.com\/index.php?rest_route=%2Fwp%2Fv2%2Fmedia&parent=638"}],"wp:term":[{"taxonomy":"category","embeddable":true,"href":"https:\/\/eldiariorepublicamx.com\/index.php?rest_route=%2Fwp%2Fv2%2Fcategories&post=638"},{"taxonomy":"post_tag","embeddable":true,"href":"https:\/\/eldiariorepublicamx.com\/index.php?rest_route=%2Fwp%2Fv2%2Ftags&post=638"}],"curies":[{"name":"wp","href":"https:\/\/api.w.org\/{rel}","templated":true}]}}