{"id":624,"date":"2026-03-30T10:25:51","date_gmt":"2026-03-30T16:25:51","guid":{"rendered":"https:\/\/eldiariorepublicamx.com\/?p=624"},"modified":"2026-03-30T10:25:51","modified_gmt":"2026-03-30T16:25:51","slug":"presidenta-sheinbaum-anuncia-medidas-mas-fuertes-por-muerte-de-connacionales-en-detencion-migratoria-de-eu","status":"publish","type":"post","link":"https:\/\/eldiariorepublicamx.com\/?p=624","title":{"rendered":"Presidenta Sheinbaum anuncia medidas m\u00e1s fuertes por muerte de connacionales en detenci\u00f3n migratoria de EU"},"content":{"rendered":"<p>El gobierno de M\u00e9xico, presidido por Claudia Sheinbaum, incrementar\u00e1 la intensidad de sus protestas frente a la administraci\u00f3n de Donald Trump tras conocerse la muerte de otro ciudadano mexicano bajo custodia del Servicio de Inmigraci\u00f3n y Control de Aduanas estadounidense (ICE).<\/p>\n<h3>Nueva v\u00edctima en un patr\u00f3n recurrente<\/h3>\n<p>Durante el fin de semana, un compatriota que estaba detenido por las autoridades migratorias falleci\u00f3 tras ser llevado a un hospital, sin que se hayan esclarecido las causas de su deceso. Con este caso, el n\u00famero de mexicanos que han perdido la vida en el marco de las pol\u00edticas de detenci\u00f3n implementadas por el gobierno de Trump, desde que inici\u00f3 su mandato el 20 de enero de 2025, asciende a catorce.<\/p>\n<h3>Cambio en la estrategia de reclamo<\/h3>\n<p>Ante esta situaci\u00f3n, la presidenta Sheinbaum Pardo alert\u00f3 que las acciones de su gobierno ya no se limitar\u00e1n al env\u00edo de notas diplom\u00e1ticas, sino que se adoptar\u00e1n <\/p>\n<blockquote><p>\u201cm\u00e1s medidas de reclamo\u201d<\/p><\/blockquote>\n<p>. Aunque no detall\u00f3 en qu\u00e9 consistir\u00e1n estas nuevas acciones, afirm\u00f3 que habr\u00e1 otras formas de protesta por lo ocurrido, un problema que se ha focalizado especialmente en el centro de detenci\u00f3n ubicado en Los \u00c1ngeles.<\/p>\n","protected":false},"excerpt":{"rendered":"<p>El gobierno de M\u00e9xico, presidido por Claudia Sheinbaum, incrementar\u00e1 la intensidad de sus protestas frente a la administraci\u00f3n de Donald Trump tras conocerse la muerte&hellip;<\/p>\n","protected":false},"author":2,"featured_media":625,"comment_status":"open","ping_status":"open","sticky":false,"template":"","format":"standard","meta":{"footnotes":""},"categories":[53,252],"tags":[329,155,45,288,474],"class_list":["post-624","post","type-post","status-publish","format-standard","has-post-thumbnail","hentry","category-agenda-internacional","category-agenda-nacional","tag-detenidos","tag-ice","tag-mexico","tag-sheinbaum","tag-trump"],"_links":{"self":[{"href":"https:\/\/eldiariorepublicamx.com\/index.php?rest_route=\/wp\/v2\/posts\/624","targetHints":{"allow":["GET"]}}],"collection":[{"href":"https:\/\/eldiariorepublicamx.com\/index.php?rest_route=\/wp\/v2\/posts"}],"about":[{"href":"https:\/\/eldiariorepublicamx.com\/index.php?rest_route=\/wp\/v2\/types\/post"}],"author":[{"embeddable":true,"href":"https:\/\/eldiariorepublicamx.com\/index.php?rest_route=\/wp\/v2\/users\/2"}],"replies":[{"embeddable":true,"href":"https:\/\/eldiariorepublicamx.com\/index.php?rest_route=%2Fwp%2Fv2%2Fcomments&post=624"}],"version-history":[{"count":0,"href":"https:\/\/eldiariorepublicamx.com\/index.php?rest_route=\/wp\/v2\/posts\/624\/revisions"}],"wp:featuredmedia":[{"embeddable":true,"href":"https:\/\/eldiariorepublicamx.com\/index.php?rest_route=\/wp\/v2\/media\/625"}],"wp:attachment":[{"href":"https:\/\/eldiariorepublicamx.com\/index.php?rest_route=%2Fwp%2Fv2%2Fmedia&parent=624"}],"wp:term":[{"taxonomy":"category","embeddable":true,"href":"https:\/\/eldiariorepublicamx.com\/index.php?rest_route=%2Fwp%2Fv2%2Fcategories&post=624"},{"taxonomy":"post_tag","embeddable":true,"href":"https:\/\/eldiariorepublicamx.com\/index.php?rest_route=%2Fwp%2Fv2%2Ftags&post=624"}],"curies":[{"name":"wp","href":"https:\/\/api.w.org\/{rel}","templated":true}]}}