{"id":622,"date":"2026-03-30T10:25:48","date_gmt":"2026-03-30T16:25:48","guid":{"rendered":"https:\/\/eldiariorepublicamx.com\/?p=622"},"modified":"2026-03-30T10:25:48","modified_gmt":"2026-03-30T16:25:48","slug":"presidenta-sheinbaum-anuncia-reclamo-diplomatico-por-muertes-de-connacionales-en-centros-de-detencion-estadounidenses","status":"publish","type":"post","link":"https:\/\/eldiariorepublicamx.com\/?p=622","title":{"rendered":"Presidenta Sheinbaum anuncia reclamo diplom\u00e1tico por muertes de connacionales en centros de detenci\u00f3n estadounidenses"},"content":{"rendered":"<p>La presidenta de M\u00e9xico, Claudia Sheinbaum, inform\u00f3 que su gobierno tomar\u00e1 acciones de reclamo diplom\u00e1tico ante el fallecimiento de ciudadanos mexicanos bajo custodia del Servicio de Inmigraci\u00f3n y Control de Aduanas (ICE) de Estados Unidos.<\/p>\n<h3>Medidas de protesta anunciadas<\/h3>\n<p>Durante su conferencia matutina, la mandataria detall\u00f3 que las medidas no se limitar\u00e1n al env\u00edo de una nota diplom\u00e1tica tradicional, sino que incluir\u00e1n protestas formales. Sheinbaum declar\u00f3 textualmente: <\/p>\n<blockquote><p>&#8220;Son varias acciones que vamos a tomar de protesta ante una muerte m\u00e1s de un connacional en los Estados Unidos&#8221;<\/p><\/blockquote>\n<p>.<\/p>\n<h3>Centro de detenci\u00f3n con historial problem\u00e1tico<\/h3>\n<p>La jefa del Ejecutivo federal se\u00f1al\u00f3 que, espec\u00edficamente, un centro de detenci\u00f3n ubicado en Los \u00c1ngeles ha registrado m\u00faltiples incidentes de este tipo con anterioridad. Sheinbaum subray\u00f3 la gravedad del patr\u00f3n de sucesos que afectan a mexicanos en instalaciones migratorias estadounidenses.<\/p>\n","protected":false},"excerpt":{"rendered":"<p>La presidenta de M\u00e9xico, Claudia Sheinbaum, inform\u00f3 que su gobierno tomar\u00e1 acciones de reclamo diplom\u00e1tico ante el fallecimiento de ciudadanos mexicanos bajo custodia del Servicio&hellip;<\/p>\n","protected":false},"author":2,"featured_media":623,"comment_status":"open","ping_status":"open","sticky":false,"template":"","format":"standard","meta":{"footnotes":""},"categories":[53,252],"tags":[13,328,521,205,155],"class_list":["post-622","post","type-post","status-publish","format-standard","has-post-thumbnail","hentry","category-agenda-internacional","category-agenda-nacional","tag-claudia-sheinbaum","tag-connacionales","tag-detencion","tag-estados-unidos","tag-ice"],"_links":{"self":[{"href":"https:\/\/eldiariorepublicamx.com\/index.php?rest_route=\/wp\/v2\/posts\/622","targetHints":{"allow":["GET"]}}],"collection":[{"href":"https:\/\/eldiariorepublicamx.com\/index.php?rest_route=\/wp\/v2\/posts"}],"about":[{"href":"https:\/\/eldiariorepublicamx.com\/index.php?rest_route=\/wp\/v2\/types\/post"}],"author":[{"embeddable":true,"href":"https:\/\/eldiariorepublicamx.com\/index.php?rest_route=\/wp\/v2\/users\/2"}],"replies":[{"embeddable":true,"href":"https:\/\/eldiariorepublicamx.com\/index.php?rest_route=%2Fwp%2Fv2%2Fcomments&post=622"}],"version-history":[{"count":0,"href":"https:\/\/eldiariorepublicamx.com\/index.php?rest_route=\/wp\/v2\/posts\/622\/revisions"}],"wp:featuredmedia":[{"embeddable":true,"href":"https:\/\/eldiariorepublicamx.com\/index.php?rest_route=\/wp\/v2\/media\/623"}],"wp:attachment":[{"href":"https:\/\/eldiariorepublicamx.com\/index.php?rest_route=%2Fwp%2Fv2%2Fmedia&parent=622"}],"wp:term":[{"taxonomy":"category","embeddable":true,"href":"https:\/\/eldiariorepublicamx.com\/index.php?rest_route=%2Fwp%2Fv2%2Fcategories&post=622"},{"taxonomy":"post_tag","embeddable":true,"href":"https:\/\/eldiariorepublicamx.com\/index.php?rest_route=%2Fwp%2Fv2%2Ftags&post=622"}],"curies":[{"name":"wp","href":"https:\/\/api.w.org\/{rel}","templated":true}]}}