{"id":620,"date":"2026-03-30T10:25:46","date_gmt":"2026-03-30T16:25:46","guid":{"rendered":"https:\/\/eldiariorepublicamx.com\/?p=620"},"modified":"2026-03-30T10:25:46","modified_gmt":"2026-03-30T16:25:46","slug":"sheinbaum-valora-positivamente-el-dispositivo-de-seguridad-en-el-estadio-banorte-pese-a-contratiempos","status":"publish","type":"post","link":"https:\/\/eldiariorepublicamx.com\/?p=620","title":{"rendered":"Sheinbaum valora positivamente el dispositivo de seguridad en el Estadio Banorte pese a contratiempos"},"content":{"rendered":"<p>La presidenta Claudia Sheinbaum evalu\u00f3 de manera favorable el dispositivo de seguridad implementado durante la inauguraci\u00f3n del Estadio Banorte, a pesar de reconocer que se presentaron algunas complicaciones que afectaron la experiencia del p\u00fablico durante el partido amistoso entre las selecciones de M\u00e9xico y Portugal, celebrado el s\u00e1bado 28 de marzo.<\/p>\n<h3>Reuni\u00f3n para ajustes<\/h3>\n<p>Este lunes 30 de marzo, la mandataria federal inform\u00f3 que se reuni\u00f3 con Clara Brugada, jefa de Gobierno de la Ciudad de M\u00e9xico, para analizar el operativo y coordinar mejoras con apoyo del gobierno federal de cara a los pr\u00f3ximos partidos del Mundial de F\u00fatbol.<\/p>\n<p>Sheinbaum destac\u00f3 la efectividad del operativo al prevenir una mayor congesti\u00f3n vehicular en la zona. &#8220;Con sus dificultades fue un muy buen operativo de seguridad, si no se hubiera hecho nada, hubieran llegado miles de veh\u00edculos al estadio&#8221;, coment\u00f3, subrayando que el tr\u00e1fico pudo haber sido mucho peor sin las medidas restrictivas al acceso.<\/p>\n","protected":false},"excerpt":{"rendered":"<p>La presidenta Claudia Sheinbaum evalu\u00f3 de manera favorable el dispositivo de seguridad implementado durante la inauguraci\u00f3n del Estadio Banorte, a pesar de reconocer que se&hellip;<\/p>\n","protected":false},"author":2,"featured_media":621,"comment_status":"open","ping_status":"open","sticky":false,"template":"","format":"standard","meta":{"footnotes":""},"categories":[252,290],"tags":[513,511,520,519,288],"class_list":["post-620","post","type-post","status-publish","format-standard","has-post-thumbnail","hentry","category-agenda-nacional","category-sociedad-y-cultura","tag-clara-brugada","tag-estadio-banorte","tag-mundial-de-futbol","tag-operativo-seguridad","tag-sheinbaum"],"_links":{"self":[{"href":"https:\/\/eldiariorepublicamx.com\/index.php?rest_route=\/wp\/v2\/posts\/620","targetHints":{"allow":["GET"]}}],"collection":[{"href":"https:\/\/eldiariorepublicamx.com\/index.php?rest_route=\/wp\/v2\/posts"}],"about":[{"href":"https:\/\/eldiariorepublicamx.com\/index.php?rest_route=\/wp\/v2\/types\/post"}],"author":[{"embeddable":true,"href":"https:\/\/eldiariorepublicamx.com\/index.php?rest_route=\/wp\/v2\/users\/2"}],"replies":[{"embeddable":true,"href":"https:\/\/eldiariorepublicamx.com\/index.php?rest_route=%2Fwp%2Fv2%2Fcomments&post=620"}],"version-history":[{"count":0,"href":"https:\/\/eldiariorepublicamx.com\/index.php?rest_route=\/wp\/v2\/posts\/620\/revisions"}],"wp:featuredmedia":[{"embeddable":true,"href":"https:\/\/eldiariorepublicamx.com\/index.php?rest_route=\/wp\/v2\/media\/621"}],"wp:attachment":[{"href":"https:\/\/eldiariorepublicamx.com\/index.php?rest_route=%2Fwp%2Fv2%2Fmedia&parent=620"}],"wp:term":[{"taxonomy":"category","embeddable":true,"href":"https:\/\/eldiariorepublicamx.com\/index.php?rest_route=%2Fwp%2Fv2%2Fcategories&post=620"},{"taxonomy":"post_tag","embeddable":true,"href":"https:\/\/eldiariorepublicamx.com\/index.php?rest_route=%2Fwp%2Fv2%2Ftags&post=620"}],"curies":[{"name":"wp","href":"https:\/\/api.w.org\/{rel}","templated":true}]}}