{"id":616,"date":"2026-03-30T10:25:42","date_gmt":"2026-03-30T16:25:42","guid":{"rendered":"https:\/\/eldiariorepublicamx.com\/?p=616"},"modified":"2026-03-30T10:25:42","modified_gmt":"2026-03-30T16:25:42","slug":"la-mandataria-mexicana-aporta-fondos-personales-como-respuesta-solidaria-hacia-cuba","status":"publish","type":"post","link":"https:\/\/eldiariorepublicamx.com\/?p=616","title":{"rendered":"La mandataria mexicana aporta fondos personales como respuesta solidaria hacia Cuba"},"content":{"rendered":"<p>La mandataria Claudia Sheinbaum confirm\u00f3 que hizo una aportaci\u00f3n econ\u00f3mica personal de 20 mil pesos para apoyar a Cuba, siguiendo un llamado realizado en d\u00edas recientes por el expresidente Andr\u00e9s Manuel L\u00f3pez Obrador.<\/p>\n<h3>Una contribuci\u00f3n voluntaria<\/h3>\n<p>&#8220;Don\u00e9 20 mil pesos, fue mi decisi\u00f3n&#8221;, expres\u00f3 Sheinbaum al ser interrogada sobre su participaci\u00f3n en estas iniciativas de ayuda, aclarando que el desembolso no est\u00e1 vinculado a su funci\u00f3n como jefa de Estado.<\/p>\n<p>La presidenta explic\u00f3 que su deber constitucional es resguardar a la poblaci\u00f3n mexicana y asegurar el bienestar del pa\u00eds, mientras que su apoyo monetario responde a una convicci\u00f3n individual y personal.<\/p>\n<h3>Solidaridad como tradici\u00f3n<\/h3>\n<p>Sheinbaum recalc\u00f3 que M\u00e9xico posee una larga historia de cooperaci\u00f3n y apoyo hacia otras naciones, por lo que se procura, dentro de las posibilidades, extender la mano a otras comunidades a nivel global.<\/p>\n<p>Finalmente, la mandataria subray\u00f3 que estas acciones son completamente voluntarias y no constituyen una l\u00ednea de acci\u00f3n del gobierno, sino elecciones particulares de quienes desean colaborar con causas de car\u00e1cter humanitario.<\/p>\n","protected":false},"excerpt":{"rendered":"<p>La mandataria Claudia Sheinbaum confirm\u00f3 que hizo una aportaci\u00f3n econ\u00f3mica personal de 20 mil pesos para apoyar a Cuba, siguiendo un llamado realizado en d\u00edas&hellip;<\/p>\n","protected":false},"author":2,"featured_media":617,"comment_status":"open","ping_status":"open","sticky":false,"template":"","format":"standard","meta":{"footnotes":""},"categories":[53,252],"tags":[55,514,56,288,515],"class_list":["post-616","post","type-post","status-publish","format-standard","has-post-thumbnail","hentry","category-agenda-internacional","category-agenda-nacional","tag-cuba","tag-donacion","tag-lopez-obrador","tag-sheinbaum","tag-solidaridad"],"_links":{"self":[{"href":"https:\/\/eldiariorepublicamx.com\/index.php?rest_route=\/wp\/v2\/posts\/616","targetHints":{"allow":["GET"]}}],"collection":[{"href":"https:\/\/eldiariorepublicamx.com\/index.php?rest_route=\/wp\/v2\/posts"}],"about":[{"href":"https:\/\/eldiariorepublicamx.com\/index.php?rest_route=\/wp\/v2\/types\/post"}],"author":[{"embeddable":true,"href":"https:\/\/eldiariorepublicamx.com\/index.php?rest_route=\/wp\/v2\/users\/2"}],"replies":[{"embeddable":true,"href":"https:\/\/eldiariorepublicamx.com\/index.php?rest_route=%2Fwp%2Fv2%2Fcomments&post=616"}],"version-history":[{"count":0,"href":"https:\/\/eldiariorepublicamx.com\/index.php?rest_route=\/wp\/v2\/posts\/616\/revisions"}],"wp:featuredmedia":[{"embeddable":true,"href":"https:\/\/eldiariorepublicamx.com\/index.php?rest_route=\/wp\/v2\/media\/617"}],"wp:attachment":[{"href":"https:\/\/eldiariorepublicamx.com\/index.php?rest_route=%2Fwp%2Fv2%2Fmedia&parent=616"}],"wp:term":[{"taxonomy":"category","embeddable":true,"href":"https:\/\/eldiariorepublicamx.com\/index.php?rest_route=%2Fwp%2Fv2%2Fcategories&post=616"},{"taxonomy":"post_tag","embeddable":true,"href":"https:\/\/eldiariorepublicamx.com\/index.php?rest_route=%2Fwp%2Fv2%2Ftags&post=616"}],"curies":[{"name":"wp","href":"https:\/\/api.w.org\/{rel}","templated":true}]}}