{"id":603,"date":"2026-03-30T08:26:51","date_gmt":"2026-03-30T14:26:51","guid":{"rendered":"https:\/\/eldiariorepublicamx.com\/?p=603"},"modified":"2026-03-30T08:26:51","modified_gmt":"2026-03-30T14:26:51","slug":"en-la-mananera-sheinbaum-y-cultura-presentan-nuevo-museo-textil-y-anuncian-inversion-en-espacios-patrimoniales","status":"publish","type":"post","link":"https:\/\/eldiariorepublicamx.com\/?p=603","title":{"rendered":"En la ma\u00f1anera, Sheinbaum y Cultura presentan nuevo Museo Textil y anuncian inversi\u00f3n en espacios patrimoniales"},"content":{"rendered":"<p>La presidenta Claudia Sheinbaum encabez\u00f3 este lunes 30 de marzo su conferencia matutina, donde destac\u00f3 proyectos culturales y de renovaci\u00f3n patrimonial que lleva a cabo el gobierno federal.<\/p>\n<h3>Nuevo Museo Textil y fortalecimiento cultural<\/h3>\n<p>Durante el encuentro, la Secretar\u00eda de Cultura present\u00f3 el Museo Textil de los Pueblos Ind\u00edgenas y Afromexicanos, un proyecto enfocado en la conservaci\u00f3n y difusi\u00f3n del patrimonio textil nacional que ser\u00e1 inaugurado pr\u00f3ximamente. La principal exhibici\u00f3n sobre esta tem\u00e1tica a nivel nacional se encuentra en las nuevas salas del Museo Nacional de Antropolog\u00eda en la Ciudad de M\u00e9xico.<\/p>\n<h3>Renovaci\u00f3n de museos y zonas arqueol\u00f3gicas<\/h3>\n<p>Se anunci\u00f3 que M\u00e9xico est\u00e1 invirtiendo en la renovaci\u00f3n de 12 museos y 46 zonas arqueol\u00f3gicas, incluyendo Teotihuac\u00e1n y el propio Museo Nacional de Antropolog\u00eda, con miras a mejorar la experiencia de los visitantes para el Mundial de 2026. El Instituto Nacional de Antropolog\u00eda e Historia (INAH), bajo la direcci\u00f3n de Joel Omar V\u00e1zquez Herrera, prioriza la dignificaci\u00f3n de estos espacios, nuevas curadur\u00edas, visitas nocturnas y el aumento de insumos.<\/p>\n<p>Por su parte, la secretaria de Cultura, Claudia Curiel de Icaza, detall\u00f3 las acciones implementadas por el organismo, entre las que se encuentra un programa integral para el renovaci\u00f3n y fortalecimiento de las escuelas de educaci\u00f3n art\u00edstica y cultural.<\/p>\n<p>En el inicio de la conferencia, la mandataria inform\u00f3 sobre los temas del d\u00eda y dio paso a la presentaci\u00f3n de C\u00e9sar Iv\u00e1n Escalante Ruiz, titular de la Procuradur\u00eda Federal del Consumidor (Profeco), quien present\u00f3 el programa \u201cQui\u00e9n es Qui\u00e9n en los Precios\u201d.<\/p>\n","protected":false},"excerpt":{"rendered":"<p>La presidenta Claudia Sheinbaum encabez\u00f3 este lunes 30 de marzo su conferencia matutina, donde destac\u00f3 proyectos culturales y de renovaci\u00f3n patrimonial que lleva a cabo&hellip;<\/p>\n","protected":false},"author":2,"featured_media":604,"comment_status":"open","ping_status":"open","sticky":false,"template":"","format":"standard","meta":{"footnotes":""},"categories":[251],"tags":[13,311,499,404,497,498],"class_list":["post-603","post","type-post","status-publish","format-standard","has-post-thumbnail","hentry","category-la-mananera-en-breve","tag-claudia-sheinbaum","tag-cultura","tag-inah","tag-mananera","tag-museo","tag-patrimonio"],"_links":{"self":[{"href":"https:\/\/eldiariorepublicamx.com\/index.php?rest_route=\/wp\/v2\/posts\/603","targetHints":{"allow":["GET"]}}],"collection":[{"href":"https:\/\/eldiariorepublicamx.com\/index.php?rest_route=\/wp\/v2\/posts"}],"about":[{"href":"https:\/\/eldiariorepublicamx.com\/index.php?rest_route=\/wp\/v2\/types\/post"}],"author":[{"embeddable":true,"href":"https:\/\/eldiariorepublicamx.com\/index.php?rest_route=\/wp\/v2\/users\/2"}],"replies":[{"embeddable":true,"href":"https:\/\/eldiariorepublicamx.com\/index.php?rest_route=%2Fwp%2Fv2%2Fcomments&post=603"}],"version-history":[{"count":0,"href":"https:\/\/eldiariorepublicamx.com\/index.php?rest_route=\/wp\/v2\/posts\/603\/revisions"}],"wp:featuredmedia":[{"embeddable":true,"href":"https:\/\/eldiariorepublicamx.com\/index.php?rest_route=\/wp\/v2\/media\/604"}],"wp:attachment":[{"href":"https:\/\/eldiariorepublicamx.com\/index.php?rest_route=%2Fwp%2Fv2%2Fmedia&parent=603"}],"wp:term":[{"taxonomy":"category","embeddable":true,"href":"https:\/\/eldiariorepublicamx.com\/index.php?rest_route=%2Fwp%2Fv2%2Fcategories&post=603"},{"taxonomy":"post_tag","embeddable":true,"href":"https:\/\/eldiariorepublicamx.com\/index.php?rest_route=%2Fwp%2Fv2%2Ftags&post=603"}],"curies":[{"name":"wp","href":"https:\/\/api.w.org\/{rel}","templated":true}]}}