{"id":60,"date":"2026-03-17T12:29:38","date_gmt":"2026-03-17T18:29:38","guid":{"rendered":"https:\/\/eldiariorepublicamx.com\/?p=60"},"modified":"2026-03-17T12:29:38","modified_gmt":"2026-03-17T18:29:38","slug":"mexico-registra-la-tasa-mas-baja-de-desempleo-entre-los-paises-de-la-ocde-segun-datos-oficiales","status":"publish","type":"post","link":"https:\/\/eldiariorepublicamx.com\/?p=60","title":{"rendered":"M\u00e9xico registra la tasa m\u00e1s baja de desempleo entre los pa\u00edses de la OCDE, seg\u00fan datos oficiales"},"content":{"rendered":"<p>La presidenta de M\u00e9xico, Claudia Sheinbaum Pardo, inform\u00f3 que el pa\u00eds alcanz\u00f3 la tasa m\u00e1s baja de desempleo entre los miembros de la Organizaci\u00f3n para la Cooperaci\u00f3n y el Desarrollo Econ\u00f3micos (OCDE), con un 2.6% en enero de 2026, seg\u00fan cifras oficiales del organismo internacional. Destac\u00f3 que este indicador es el m\u00e1s bajo desde que se aplica la metodolog\u00eda actual para medir el desempleo ajustado estacionalmente.<\/p>\n<h3>Reconocimiento en el escenario internacional<\/h3>\n<p>Durante su conferencia matutina conocida como La Ma\u00f1anera del Pueblo, Sheinbaum subray\u00f3 que el dato proviene directamente de las estad\u00edsticas de la OCDE y refleja la estabilidad del mercado laboral mexicano. Compar\u00f3 la cifra nacional con el promedio del bloque, que se ubic\u00f3 en 5.0%, y mencion\u00f3 que naciones como Finlandia, Espa\u00f1a y Colombia presentan tasas cercanas o superiores al 8%.<\/p>\n<blockquote><p>\u201cEs la tasa m\u00e1s baja desde que se mide con esta metodolog\u00eda. A algunos adversarios no les gusta el dato y siempre buscan alg\u00fan pretexto para decir que algo est\u00e1 mal\u201d<\/p><\/blockquote>\n<h3>Pol\u00edticas econ\u00f3micas y empleo<\/h3>\n<p>La mandataria reiter\u00f3 que su gobierno mantendr\u00e1 el impulso a pol\u00edticas orientadas a fortalecer el empleo y el desarrollo econ\u00f3mico, se\u00f1alando que el resultado es producto de la estrategia econ\u00f3mica y social implementada. El bajo nivel de desempleo, dijo, es un indicador clave del buen estado de la econom\u00eda nacional en el contexto global.<\/p>\n","protected":false},"excerpt":{"rendered":"<p>La presidenta de M\u00e9xico, Claudia Sheinbaum Pardo, inform\u00f3 que el pa\u00eds alcanz\u00f3 la tasa m\u00e1s baja de desempleo entre los miembros de la Organizaci\u00f3n para&hellip;<\/p>\n","protected":false},"author":2,"featured_media":61,"comment_status":"open","ping_status":"open","sticky":false,"template":"","format":"standard","meta":{"footnotes":""},"categories":[52],"tags":[13,61,64,63,65,45,62],"class_list":["post-60","post","type-post","status-publish","format-standard","has-post-thumbnail","hentry","category-economia","tag-claudia-sheinbaum","tag-desempleo","tag-economia","tag-empleo","tag-la-mananera","tag-mexico","tag-ocde"],"_links":{"self":[{"href":"https:\/\/eldiariorepublicamx.com\/index.php?rest_route=\/wp\/v2\/posts\/60","targetHints":{"allow":["GET"]}}],"collection":[{"href":"https:\/\/eldiariorepublicamx.com\/index.php?rest_route=\/wp\/v2\/posts"}],"about":[{"href":"https:\/\/eldiariorepublicamx.com\/index.php?rest_route=\/wp\/v2\/types\/post"}],"author":[{"embeddable":true,"href":"https:\/\/eldiariorepublicamx.com\/index.php?rest_route=\/wp\/v2\/users\/2"}],"replies":[{"embeddable":true,"href":"https:\/\/eldiariorepublicamx.com\/index.php?rest_route=%2Fwp%2Fv2%2Fcomments&post=60"}],"version-history":[{"count":0,"href":"https:\/\/eldiariorepublicamx.com\/index.php?rest_route=\/wp\/v2\/posts\/60\/revisions"}],"wp:featuredmedia":[{"embeddable":true,"href":"https:\/\/eldiariorepublicamx.com\/index.php?rest_route=\/wp\/v2\/media\/61"}],"wp:attachment":[{"href":"https:\/\/eldiariorepublicamx.com\/index.php?rest_route=%2Fwp%2Fv2%2Fmedia&parent=60"}],"wp:term":[{"taxonomy":"category","embeddable":true,"href":"https:\/\/eldiariorepublicamx.com\/index.php?rest_route=%2Fwp%2Fv2%2Fcategories&post=60"},{"taxonomy":"post_tag","embeddable":true,"href":"https:\/\/eldiariorepublicamx.com\/index.php?rest_route=%2Fwp%2Fv2%2Ftags&post=60"}],"curies":[{"name":"wp","href":"https:\/\/api.w.org\/{rel}","templated":true}]}}