{"id":6,"date":"2026-03-13T00:29:57","date_gmt":"2026-03-13T06:29:57","guid":{"rendered":"https:\/\/eldiariorepublicamx.com\/?p=6"},"modified":"2026-03-16T23:15:38","modified_gmt":"2026-03-17T05:15:38","slug":"nacionaloscar-renteria-schazarino-renuncia-como-secretario-de-seguridad-publica-de-sinaloa-tras-casi-quince-meses-en-el-cargo","status":"publish","type":"post","link":"https:\/\/eldiariorepublicamx.com\/?p=6","title":{"rendered":"\u00d3scar Renter\u00eda Schazarino renuncia como secretario de Seguridad P\u00fablica de Sinaloa tras casi quince meses en el cargo"},"content":{"rendered":"<p>El general activo de brigada \u00d3scar Renter\u00eda Schazarino dej\u00f3 el cargo de secretario de Seguridad P\u00fablica de Sinaloa tras permanecer casi quince meses en el puesto; hasta el momento no se han revelado las razones de su renuncia. Se presume que regresa al servicio activo del Ej\u00e9rcito, luego de haber sido designado como suplente del general en retiro Gerardo M\u00e9rida S\u00e1nchez, quien fue separado tras el estallido del conflicto armado entre los grupos de los &#8220;chapitos&#8221; y los &#8220;mayitos&#8221;.<\/p>\n<h3>Designaci\u00f3n con respaldo federal<\/h3>\n<p>Renter\u00eda Schazarino asumi\u00f3 el cargo el 21 de diciembre de 2024 durante una ceremonia en las instalaciones de la Novena Zona Militar, donde se destac\u00f3 su nombramiento como resultado de una reuni\u00f3n de un grupo de \u00e9lite y con el respaldo del Gabinete Nacional de Seguridad. En el acto, el gobernador de Sinaloa, Rub\u00e9n Rocha Moya, se\u00f1al\u00f3 que la decisi\u00f3n de cambiar los mandos de la Polic\u00eda Estatal Preventiva respondi\u00f3 a una evaluaci\u00f3n de la situaci\u00f3n de seguridad en la entidad.<\/p>\n<h3>Cooperaci\u00f3n entre fuerzas federales y estatales<\/h3>\n<p>En la toma de protesta estuvieron presentes el secretario de Seguridad P\u00fablica y Protecci\u00f3n Ciudadana, Omar Garc\u00eda Harfuch, as\u00ed como altos mandos militares, de la Guardia Nacional y de la Marina. Se resalt\u00f3 la estrecha coordinaci\u00f3n entre las fuerzas federales en Sinaloa, la cual, seg\u00fan las autoridades, ha sido constante y vigilada directamente por la presidenta de M\u00e9xico, Claudia Sheinbaum Pardo.<\/p>\n<h3>Contexto de inseguridad en el estado<\/h3>\n<p>Rub\u00e9n Rocha Moya subray\u00f3 la importancia de la designaci\u00f3n de Renter\u00eda Schazarino en un momento cr\u00edtico de inseguridad en Sinaloa, donde la presencia del Ej\u00e9rcito, la Guardia Nacional y la Marina ha sido fundamental para contener los enfrentamientos entre c\u00e1rteles. El gobernador destac\u00f3 que la elecci\u00f3n del general respondi\u00f3 a la necesidad de fortalecer la estrategia de seguridad con un perfil t\u00e9cnico y militar.<\/p>\n","protected":false},"excerpt":{"rendered":"<p>El general activo de brigada \u00d3scar Renter\u00eda Schazarino dej\u00f3 el cargo de secretario de Seguridad P\u00fablica de Sinaloa tras permanecer casi quince meses en el&hellip;<\/p>\n","protected":false},"author":1,"featured_media":7,"comment_status":"open","ping_status":"open","sticky":false,"template":"","format":"standard","meta":{"footnotes":""},"categories":[52],"tags":[6,2,5,3,4],"class_list":["post-6","post","type-post","status-publish","format-standard","has-post-thumbnail","hentry","category-economia","tag-claudia-sheinbaum-pardo","tag-oscar-renteria-schazarino","tag-ruben-rocha-moya","tag-seguridad-publica","tag-sinaloa"],"_links":{"self":[{"href":"https:\/\/eldiariorepublicamx.com\/index.php?rest_route=\/wp\/v2\/posts\/6","targetHints":{"allow":["GET"]}}],"collection":[{"href":"https:\/\/eldiariorepublicamx.com\/index.php?rest_route=\/wp\/v2\/posts"}],"about":[{"href":"https:\/\/eldiariorepublicamx.com\/index.php?rest_route=\/wp\/v2\/types\/post"}],"author":[{"embeddable":true,"href":"https:\/\/eldiariorepublicamx.com\/index.php?rest_route=\/wp\/v2\/users\/1"}],"replies":[{"embeddable":true,"href":"https:\/\/eldiariorepublicamx.com\/index.php?rest_route=%2Fwp%2Fv2%2Fcomments&post=6"}],"version-history":[{"count":2,"href":"https:\/\/eldiariorepublicamx.com\/index.php?rest_route=\/wp\/v2\/posts\/6\/revisions"}],"predecessor-version":[{"id":40,"href":"https:\/\/eldiariorepublicamx.com\/index.php?rest_route=\/wp\/v2\/posts\/6\/revisions\/40"}],"wp:featuredmedia":[{"embeddable":true,"href":"https:\/\/eldiariorepublicamx.com\/index.php?rest_route=\/wp\/v2\/media\/7"}],"wp:attachment":[{"href":"https:\/\/eldiariorepublicamx.com\/index.php?rest_route=%2Fwp%2Fv2%2Fmedia&parent=6"}],"wp:term":[{"taxonomy":"category","embeddable":true,"href":"https:\/\/eldiariorepublicamx.com\/index.php?rest_route=%2Fwp%2Fv2%2Fcategories&post=6"},{"taxonomy":"post_tag","embeddable":true,"href":"https:\/\/eldiariorepublicamx.com\/index.php?rest_route=%2Fwp%2Fv2%2Ftags&post=6"}],"curies":[{"name":"wp","href":"https:\/\/api.w.org\/{rel}","templated":true}]}}