{"id":585,"date":"2026-03-29T10:29:44","date_gmt":"2026-03-29T16:29:44","guid":{"rendered":"https:\/\/eldiariorepublicamx.com\/?p=585"},"modified":"2026-03-29T10:29:44","modified_gmt":"2026-03-29T16:29:44","slug":"javier-aguirre-condiciona-la-titularidad-de-raul-rangel-de-cara-al-mundial-tras-el-duelo-con-portugal","status":"publish","type":"post","link":"https:\/\/eldiariorepublicamx.com\/?p=585","title":{"rendered":"Javier Aguirre condiciona la titularidad de Ra\u00fal Rangel de cara al Mundial tras el duelo con Portugal"},"content":{"rendered":"<p>El estratega de la Selecci\u00f3n Mexicana, Javier Aguirre, ha puesto en duda la posici\u00f3n de Ra\u00fal Rangel como portero titular de cara a la Copa del Mundo 2026, condicionando su lugar a la evaluaci\u00f3n de su desempe\u00f1o en el pr\u00f3ximo partido contra Portugal durante la reinauguraci\u00f3n del Estadio Azteca.<\/p>\n<h3>Presi\u00f3n sobre el guardameta<\/h3>\n<p>El Vasco increment\u00f3 la presi\u00f3n medi\u00e1tica sobre el futbolista de Chivas, dejando claro que su puesto no est\u00e1 garantizado. Aguirre se ha mantenido firme ante las exigencias de algunos sectores de la afici\u00f3n que piden la presencia de Guillermo Ochoa bajo los tres palos del equipo tricolor.<\/p>\n<blockquote><p>\u201cCon la confirmaci\u00f3n del Tala en el arco. Vamos a ver si tiene tama\u00f1os. Todas esas cosas que est\u00e1n ah\u00ed en el tintero\u201d,<\/p><\/blockquote>\n<p>declar\u00f3 el seleccionador nacional en una entrevista concedida a David Medrano de TV Azteca.<\/p>\n<h3>Evaluaci\u00f3n clave y contexto del equipo<\/h3>\n<p>El encuentro ante la selecci\u00f3n portuguesa ser\u00e1 fundamental para valorar, entre otros aspectos, el car\u00e1cter del joven guardameta. En este proceso de preparaci\u00f3n mundialista, el club Chivas se ha consolidado como una de las bases principales del combinado nacional.<\/p>\n<p>Junto a Rangel, otros elementos del Reba\u00f1o Sagrado que buscan su lugar en la convocatoria final son Luis Romo, Roberto Alvarado, Armando Gonz\u00e1lez, Brian Guti\u00e9rrez y Richard Ledezma.<\/p>\n","protected":false},"excerpt":{"rendered":"<p>El estratega de la Selecci\u00f3n Mexicana, Javier Aguirre, ha puesto en duda la posici\u00f3n de Ra\u00fal Rangel como portero titular de cara a la Copa&hellip;<\/p>\n","protected":false},"author":2,"featured_media":586,"comment_status":"open","ping_status":"open","sticky":false,"template":"","format":"standard","meta":{"footnotes":""},"categories":[291],"tags":[494,120,459,495,376],"class_list":["post-585","post","type-post","status-publish","format-standard","has-post-thumbnail","hentry","category-deportes","tag-javier-aguirre","tag-mundial-2026","tag-portugal","tag-raul-rangel","tag-seleccion-mexicana"],"_links":{"self":[{"href":"https:\/\/eldiariorepublicamx.com\/index.php?rest_route=\/wp\/v2\/posts\/585","targetHints":{"allow":["GET"]}}],"collection":[{"href":"https:\/\/eldiariorepublicamx.com\/index.php?rest_route=\/wp\/v2\/posts"}],"about":[{"href":"https:\/\/eldiariorepublicamx.com\/index.php?rest_route=\/wp\/v2\/types\/post"}],"author":[{"embeddable":true,"href":"https:\/\/eldiariorepublicamx.com\/index.php?rest_route=\/wp\/v2\/users\/2"}],"replies":[{"embeddable":true,"href":"https:\/\/eldiariorepublicamx.com\/index.php?rest_route=%2Fwp%2Fv2%2Fcomments&post=585"}],"version-history":[{"count":0,"href":"https:\/\/eldiariorepublicamx.com\/index.php?rest_route=\/wp\/v2\/posts\/585\/revisions"}],"wp:featuredmedia":[{"embeddable":true,"href":"https:\/\/eldiariorepublicamx.com\/index.php?rest_route=\/wp\/v2\/media\/586"}],"wp:attachment":[{"href":"https:\/\/eldiariorepublicamx.com\/index.php?rest_route=%2Fwp%2Fv2%2Fmedia&parent=585"}],"wp:term":[{"taxonomy":"category","embeddable":true,"href":"https:\/\/eldiariorepublicamx.com\/index.php?rest_route=%2Fwp%2Fv2%2Fcategories&post=585"},{"taxonomy":"post_tag","embeddable":true,"href":"https:\/\/eldiariorepublicamx.com\/index.php?rest_route=%2Fwp%2Fv2%2Ftags&post=585"}],"curies":[{"name":"wp","href":"https:\/\/api.w.org\/{rel}","templated":true}]}}