{"id":581,"date":"2026-03-29T10:29:39","date_gmt":"2026-03-29T16:29:39","guid":{"rendered":"https:\/\/eldiariorepublicamx.com\/?p=581"},"modified":"2026-03-29T10:29:39","modified_gmt":"2026-03-29T16:29:39","slug":"belinda-regresa-temporalmente-a-mexico-y-muestra-avances-de-su-trabajo-actoral-y-musical","status":"publish","type":"post","link":"https:\/\/eldiariorepublicamx.com\/?p=581","title":{"rendered":"Belinda regresa temporalmente a M\u00e9xico y muestra avances de su trabajo actoral y musical"},"content":{"rendered":"<p>La artista Belinda hizo una breve visita a su pa\u00eds natal este s\u00e1bado 28 de marzo de 2026, interrumpiendo temporalmente las grabaciones de su serie &#8220;Carlota&#8221; en Espa\u00f1a. Durante su estad\u00eda, comparti\u00f3 contenido en redes sociales que gener\u00f3 una notable reacci\u00f3n entre sus seguidores.<\/p>\n<h3>Contenido compartido y conexi\u00f3n con M\u00e9xico<\/h3>\n<p>En una de sus publicaciones, la cantante y actriz apareci\u00f3 luciendo un atuendo de encaje negro, lo que fue calificado como un look sensual por sus fans. Adem\u00e1s, en otro momento de su visita, Belinda port\u00f3 una edici\u00f3n especial de la camiseta de la Selecci\u00f3n Mexicana de F\u00fatbol, coincidiendo con el partido frente a Portugal por la reapertura del Estadio Banorte.<\/p>\n<p>Este gesto reforz\u00f3 la percepci\u00f3n de su v\u00ednculo con M\u00e9xico, a pesar de que actualmente reside en Europa. Los seguidores en l\u00ednea interactuaron con las im\u00e1genes, elogiando tanto su estilo como su constante presencia en el \u00e1mbito p\u00fablico nacional e internacional.<\/p>\n<h3>Adelantos profesionales<\/h3>\n<p>Sin ofrecer muchos detalles espec\u00edficos, Belinda aprovech\u00f3 su estancia para anunciar que se encuentra inmersa en la preparaci\u00f3n de un nuevo proyecto musical de importancia. Paralelamente, contin\u00faa con su trabajo actoral en la producci\u00f3n espa\u00f1ola &#8220;Carlota&#8221;.<\/p>\n<p>Esta serie de car\u00e1cter hist\u00f3rico explora la vida de la emperatriz consorte de M\u00e9xico, Carlota, quien fue esposa de Maximiliano de Habsburgo. El enfoque del proyecto busca presentar una visi\u00f3n actualizada del personaje, representando un desaf\u00edo significativo en la trayectoria profesional de la artista.<\/p>\n","protected":false},"excerpt":{"rendered":"<p>La artista Belinda hizo una breve visita a su pa\u00eds natal este s\u00e1bado 28 de marzo de 2026, interrumpiendo temporalmente las grabaciones de su serie&hellip;<\/p>\n","protected":false},"author":2,"featured_media":582,"comment_status":"open","ping_status":"open","sticky":false,"template":"","format":"standard","meta":{"footnotes":""},"categories":[290],"tags":[486,487,45,488,124],"class_list":["post-581","post","type-post","status-publish","format-standard","has-post-thumbnail","hentry","category-sociedad-y-cultura","tag-belinda","tag-carlota","tag-mexico","tag-musica","tag-redes-sociales"],"_links":{"self":[{"href":"https:\/\/eldiariorepublicamx.com\/index.php?rest_route=\/wp\/v2\/posts\/581","targetHints":{"allow":["GET"]}}],"collection":[{"href":"https:\/\/eldiariorepublicamx.com\/index.php?rest_route=\/wp\/v2\/posts"}],"about":[{"href":"https:\/\/eldiariorepublicamx.com\/index.php?rest_route=\/wp\/v2\/types\/post"}],"author":[{"embeddable":true,"href":"https:\/\/eldiariorepublicamx.com\/index.php?rest_route=\/wp\/v2\/users\/2"}],"replies":[{"embeddable":true,"href":"https:\/\/eldiariorepublicamx.com\/index.php?rest_route=%2Fwp%2Fv2%2Fcomments&post=581"}],"version-history":[{"count":0,"href":"https:\/\/eldiariorepublicamx.com\/index.php?rest_route=\/wp\/v2\/posts\/581\/revisions"}],"wp:featuredmedia":[{"embeddable":true,"href":"https:\/\/eldiariorepublicamx.com\/index.php?rest_route=\/wp\/v2\/media\/582"}],"wp:attachment":[{"href":"https:\/\/eldiariorepublicamx.com\/index.php?rest_route=%2Fwp%2Fv2%2Fmedia&parent=581"}],"wp:term":[{"taxonomy":"category","embeddable":true,"href":"https:\/\/eldiariorepublicamx.com\/index.php?rest_route=%2Fwp%2Fv2%2Fcategories&post=581"},{"taxonomy":"post_tag","embeddable":true,"href":"https:\/\/eldiariorepublicamx.com\/index.php?rest_route=%2Fwp%2Fv2%2Ftags&post=581"}],"curies":[{"name":"wp","href":"https:\/\/api.w.org\/{rel}","templated":true}]}}