{"id":58,"date":"2026-03-17T12:29:37","date_gmt":"2026-03-17T18:29:37","guid":{"rendered":"https:\/\/eldiariorepublicamx.com\/?p=58"},"modified":"2026-03-17T12:29:37","modified_gmt":"2026-03-17T18:29:37","slug":"sheinbaum-califica-de-mezquina-la-critica-a-la-ayuda-para-cuba-y-advierte-sobre-complicidad-con-politicas-de-ee-uu","status":"publish","type":"post","link":"https:\/\/eldiariorepublicamx.com\/?p=58","title":{"rendered":"Sheinbaum califica de mezquina la cr\u00edtica a la ayuda para Cuba y advierte sobre complicidad con pol\u00edticas de EE.UU."},"content":{"rendered":"<p>La presidenta Claudia Sheinbaum calific\u00f3 como &#8220;mezquino&#8221; el cuestionamiento medi\u00e1tico hacia la campa\u00f1a de apoyo humanitario a Cuba, entendiendo este t\u00e9rmino como la falta de nobleza de esp\u00edritu y la actitud de escatimar en el gasto o actuar con ruindad. Su respuesta surgi\u00f3 tras cuestionamientos sobre la legalidad de la cuenta bancaria y la asociaci\u00f3n civil encargada de recaudar fondos para la isla, una iniciativa que ha contado con el respaldo del expresidente Andr\u00e9s Manuel L\u00f3pez Obrador y que ella ha respaldado al transitar por el mismo camino pol\u00edtico.<\/p>\n<h3>Pol\u00e9mica medi\u00e1tica y postura frente a Cuba<\/h3>\n<p>Si bien la cr\u00edtica inicial al apoyo oficial desde el Z\u00f3calo fue moderada, se intensific\u00f3 hasta niveles que trascendieron la cr\u00edtica constructiva y derivaron en lo que se describe como odio medi\u00e1tico. El foco dej\u00f3 de ser Cuba, sumida en pobreza por el bloqueo econ\u00f3mico estadounidense, para convertirse en un ataque directo contra L\u00f3pez Obrador y Sheinbaum. La nota se\u00f1ala que la necesidad cubana fue usada como pretexto, y que la verdadera intenci\u00f3n detr\u00e1s de los cuestionamientos parece ser alinearse con posturas hostiles a la isla.<\/p>\n<p>&#8220;De pronto Cuba ya no era el centro de la ira medi\u00e1tica, el blanco era L\u00f3pez Obrador, y Claudia Sheinbaum por transitar por el mismo carril que el de Macuspana&#8221;, se afirma en el texto. Se plantea la pregunta ret\u00f3rica sobre si M\u00e9xico busca ser c\u00f3mplice de las pol\u00edticas de Donald Trump hacia Cuba, destacando que los cubanos s\u00f3lo han buscado la libertad de ser ellos mismos frente al &#8220;encono gringo&#8221;.<\/p>\n<h3>Apoyo a Cuba como acto de resistencia<\/h3>\n<p>Ayudar a Cuba no se presenta s\u00f3lo como un acto solidario, sino como una forma de resistencia frente a lo que se considera una imposici\u00f3n imperial. &#8220;Cuando se habla de ayudar a los cubanos, a los que viven en la isla, los que no huyeron, los de una o de todas formas apoyan a su r\u00e9gimen, tambi\u00e9n se habla de la resistencia en contra del depredador mayor&#8221;, se\u00f1ala el texto. La calificaci\u00f3n de &#8220;mezquinos&#8221; por parte de la presidenta se justifica en este contexto, aline\u00e1ndose con la definici\u00f3n de comportamientos insensibles o crueles.<\/p>\n<h3>Morena en crisis en la Ciudad de M\u00e9xico<\/h3>\n<p>En otro frente, la nota aborda la situaci\u00f3n interna de Morena, particularmente en la Ciudad de M\u00e9xico, donde se percibe una profunda crisis. Se menciona que, mientras a nivel nacional el partido enfrenta tensiones por intereses grupales, en la capital la situaci\u00f3n es a\u00fan m\u00e1s grave: &#8220;la cosa est\u00e1 peor&#8221;. Existen m\u00faltiples actores influyendo en el partido, lo que ha generado una especie de par\u00e1lisis y una p\u00e9rdida progresiva de adeptos.<\/p>\n<p>Se advierte que Morena no puede confiarse en el descr\u00e9dito de la oposici\u00f3n (PAN, PRI y MC) como \u00fanico capital pol\u00edtico. La gente en la Ciudad de M\u00e9xico, seg\u00fan el an\u00e1lisis, no siente cercan\u00eda con el partido ni conf\u00eda en \u00e9l como una fuerza capaz de lograr una victoria pol\u00edtica contundente. Se insiste en que la confianza desmedida podr\u00eda convertirse en el mayor obst\u00e1culo para la consolidaci\u00f3n del proceso de la Cuarta Transformaci\u00f3n.<\/p>\n","protected":false},"excerpt":{"rendered":"<p>La presidenta Claudia Sheinbaum calific\u00f3 como &#8220;mezquino&#8221; el cuestionamiento medi\u00e1tico hacia la campa\u00f1a de apoyo humanitario a Cuba, entendiendo este t\u00e9rmino como la falta de&hellip;<\/p>\n","protected":false},"author":2,"featured_media":59,"comment_status":"open","ping_status":"open","sticky":false,"template":"","format":"standard","meta":{"footnotes":""},"categories":[53,52],"tags":[57,58,13,55,56,60,18,59],"class_list":["post-58","post","type-post","status-publish","format-standard","has-post-thumbnail","hentry","category-agenda-internacional","category-economia","tag-ayuda-humanitaria","tag-bloqueo-economico","tag-claudia-sheinbaum","tag-cuba","tag-lopez-obrador","tag-medios-de-comunicacion","tag-morena","tag-politica-exterior"],"_links":{"self":[{"href":"https:\/\/eldiariorepublicamx.com\/index.php?rest_route=\/wp\/v2\/posts\/58","targetHints":{"allow":["GET"]}}],"collection":[{"href":"https:\/\/eldiariorepublicamx.com\/index.php?rest_route=\/wp\/v2\/posts"}],"about":[{"href":"https:\/\/eldiariorepublicamx.com\/index.php?rest_route=\/wp\/v2\/types\/post"}],"author":[{"embeddable":true,"href":"https:\/\/eldiariorepublicamx.com\/index.php?rest_route=\/wp\/v2\/users\/2"}],"replies":[{"embeddable":true,"href":"https:\/\/eldiariorepublicamx.com\/index.php?rest_route=%2Fwp%2Fv2%2Fcomments&post=58"}],"version-history":[{"count":0,"href":"https:\/\/eldiariorepublicamx.com\/index.php?rest_route=\/wp\/v2\/posts\/58\/revisions"}],"wp:featuredmedia":[{"embeddable":true,"href":"https:\/\/eldiariorepublicamx.com\/index.php?rest_route=\/wp\/v2\/media\/59"}],"wp:attachment":[{"href":"https:\/\/eldiariorepublicamx.com\/index.php?rest_route=%2Fwp%2Fv2%2Fmedia&parent=58"}],"wp:term":[{"taxonomy":"category","embeddable":true,"href":"https:\/\/eldiariorepublicamx.com\/index.php?rest_route=%2Fwp%2Fv2%2Fcategories&post=58"},{"taxonomy":"post_tag","embeddable":true,"href":"https:\/\/eldiariorepublicamx.com\/index.php?rest_route=%2Fwp%2Fv2%2Ftags&post=58"}],"curies":[{"name":"wp","href":"https:\/\/api.w.org\/{rel}","templated":true}]}}