{"id":569,"date":"2026-03-29T10:29:25","date_gmt":"2026-03-29T16:29:25","guid":{"rendered":"https:\/\/eldiariorepublicamx.com\/?p=569"},"modified":"2026-03-29T10:29:25","modified_gmt":"2026-03-29T16:29:25","slug":"sheinbaum-aclara-nomenclatura-maritima-tras-comentarios-de-trump-y-enfatiza-colaboracion-bilateral","status":"publish","type":"post","link":"https:\/\/eldiariorepublicamx.com\/?p=569","title":{"rendered":"Sheinbaum aclara nomenclatura mar\u00edtima tras comentarios de Trump y enfatiza colaboraci\u00f3n bilateral"},"content":{"rendered":"<p>La mandataria mexicana Claudia Sheinbaum se pronunci\u00f3 respecto a unas declaraciones recientes del presidente estadounidense Donald Trump, quien denomin\u00f3 al cuerpo de agua como &#8220;Golfo de Am\u00e9rica&#8221;.<\/p>\n<h3>Correcci\u00f3n p\u00fablica en evento de Zacatecas<\/h3>\n<p>Al concluir un acto p\u00fablico en el estado de Zacatecas, la presidenta interrog\u00f3 a la audiencia preguntando: &#8220;\u00bfC\u00f3mo se llama el Golfo?&#8221;. Los presentes corearon de manera un\u00e1nime: &#8220;\u00a1Golfo de M\u00e9xico!&#8221;, respuesta que Sheinbaum repiti\u00f3 en m\u00faltiples ocasiones para dejar clara su posici\u00f3n.<\/p>\n<h3>Postura de no confrontaci\u00f3n y cooperaci\u00f3n<\/h3>\n<p>A pesar de la correcci\u00f3n realizada, la jefa del Ejecutivo federal evit\u00f3 cualquier gesto que pudiera incrementar la fricci\u00f3n entre las naciones. Enfatiz\u00f3 que su administraci\u00f3n no tiene inter\u00e9s en generar un enfrentamiento con Estados Unidos.<\/p>\n<p>Subray\u00f3 que M\u00e9xico sostiene una relaci\u00f3n basada en la colaboraci\u00f3n con su pa\u00eds vecino y recalc\u00f3 el valor fundamental de los v\u00ednculos econ\u00f3micos y sociales que unen a ambos territorios.<\/p>\n<h3>Apoyo a connacionales en el extranjero<\/h3>\n<p>En el marco de un ambiente pol\u00edtico con declaraciones controvertidas provenientes de Washington, la presidenta reiter\u00f3 el respaldo de su gobierno hacia los ciudadanos mexicanos que residen en los Estados Unidos.<\/p>\n","protected":false},"excerpt":{"rendered":"<p>La mandataria mexicana Claudia Sheinbaum se pronunci\u00f3 respecto a unas declaraciones recientes del presidente estadounidense Donald Trump, quien denomin\u00f3 al cuerpo de agua como &#8220;Golfo&hellip;<\/p>\n","protected":false},"author":2,"featured_media":570,"comment_status":"open","ping_status":"open","sticky":false,"template":"","format":"standard","meta":{"footnotes":""},"categories":[53,252],"tags":[205,359,288,474,347],"class_list":["post-569","post","type-post","status-publish","format-standard","has-post-thumbnail","hentry","category-agenda-internacional","category-agenda-nacional","tag-estados-unidos","tag-golfo-de-mexico","tag-sheinbaum","tag-trump","tag-zacatecas"],"_links":{"self":[{"href":"https:\/\/eldiariorepublicamx.com\/index.php?rest_route=\/wp\/v2\/posts\/569","targetHints":{"allow":["GET"]}}],"collection":[{"href":"https:\/\/eldiariorepublicamx.com\/index.php?rest_route=\/wp\/v2\/posts"}],"about":[{"href":"https:\/\/eldiariorepublicamx.com\/index.php?rest_route=\/wp\/v2\/types\/post"}],"author":[{"embeddable":true,"href":"https:\/\/eldiariorepublicamx.com\/index.php?rest_route=\/wp\/v2\/users\/2"}],"replies":[{"embeddable":true,"href":"https:\/\/eldiariorepublicamx.com\/index.php?rest_route=%2Fwp%2Fv2%2Fcomments&post=569"}],"version-history":[{"count":0,"href":"https:\/\/eldiariorepublicamx.com\/index.php?rest_route=\/wp\/v2\/posts\/569\/revisions"}],"wp:featuredmedia":[{"embeddable":true,"href":"https:\/\/eldiariorepublicamx.com\/index.php?rest_route=\/wp\/v2\/media\/570"}],"wp:attachment":[{"href":"https:\/\/eldiariorepublicamx.com\/index.php?rest_route=%2Fwp%2Fv2%2Fmedia&parent=569"}],"wp:term":[{"taxonomy":"category","embeddable":true,"href":"https:\/\/eldiariorepublicamx.com\/index.php?rest_route=%2Fwp%2Fv2%2Fcategories&post=569"},{"taxonomy":"post_tag","embeddable":true,"href":"https:\/\/eldiariorepublicamx.com\/index.php?rest_route=%2Fwp%2Fv2%2Ftags&post=569"}],"curies":[{"name":"wp","href":"https:\/\/api.w.org\/{rel}","templated":true}]}}