{"id":567,"date":"2026-03-29T10:29:21","date_gmt":"2026-03-29T16:29:21","guid":{"rendered":"https:\/\/eldiariorepublicamx.com\/?p=567"},"modified":"2026-03-29T10:29:22","modified_gmt":"2026-03-29T16:29:22","slug":"presidenta-sheinbaum-defiende-denominacion-del-golfo-de-mexico-ante-propuesta-de-trump-y-prioriza-relacion-de-cooperacion","status":"publish","type":"post","link":"https:\/\/eldiariorepublicamx.com\/?p=567","title":{"rendered":"Presidenta Sheinbaum defiende denominaci\u00f3n del Golfo de M\u00e9xico ante propuesta de Trump y prioriza relaci\u00f3n de cooperaci\u00f3n"},"content":{"rendered":"<p>La presidenta de M\u00e9xico, Claudia Sheinbaum, respondi\u00f3 a las declaraciones del presidente estadounidense Donald Trump, quien sugiri\u00f3 renombrar el Golfo de M\u00e9xico como &#8220;Golfo de Am\u00e9rica&#8221;, reafirmando el nombre hist\u00f3rico del cuerpo de agua y la disposici\u00f3n de su gobierno a mantener una relaci\u00f3n de cooperaci\u00f3n sin confrontaci\u00f3n.<\/p>\n<h3>Posici\u00f3n firme en defensa de la soberan\u00eda<\/h3>\n<p>Durante un acto del programa Alimentaci\u00f3n para el Bienestar en Sombrerete, Zacatecas, la mandataria mexicana dej\u00f3 clara su postura. En di\u00e1logo con los asistentes, pregunt\u00f3: &#8220;\u00bfC\u00f3mo se llama el Golfo?&#8221;. Ante la respuesta &#8220;\u00a1De M\u00e9xico!&#8221;, Sheinbaum reafirm\u00f3: &#8220;Golfo de\u2026 \u00a1M\u00e9xico!&#8221;. Previamente, hab\u00eda subrayado: <\/p>\n<blockquote><p>&#8220;No es conflicto, ni mucho menos, ni queremos nosotros ning\u00fan problema con el gobierno de Estados Unidos, somos socios&#8221;<\/p><\/blockquote>\n<p>.<\/p>\n<h3>Enfoque diplom\u00e1tico basado en la paz<\/h3>\n<p>En otro evento realizado en General P\u00e1nfilo Natera, la presidenta reiter\u00f3 los principios de la pol\u00edtica exterior de su administraci\u00f3n. &#8220;Somos un pa\u00eds de paz\u2026 y con el gobierno de Estados Unidos queremos cooperaci\u00f3n, no pelearnos&#8221;, afirm\u00f3. Adem\u00e1s, destac\u00f3 la importancia de proteger a los connacionales que residen en Estados Unidos y los fuertes v\u00ednculos sociales y econ\u00f3micos que unen a ambas naciones.<\/p>\n<h3>Declaraciones previas del mandatario estadounidense<\/h3>\n<p>Las manifestaciones de Sheinbaum se produjeron luego de que Trump anunciara su decisi\u00f3n de cambiar la denominaci\u00f3n del Golfo, argumentando un mayor control territorial estadounidense en la zona y la antig\u00fcedad del nombre actual. El presidente norteamericano tambi\u00e9n afirm\u00f3 que plataformas como Google Maps ya reflejar\u00edan el cambio y recre\u00f3, en tono burl\u00f3n, una supuesta llamada con la presidenta mexicana.<\/p>\n<p>Esta no es la primera ocasi\u00f3n en que Trump se refiere a Sheinbaum de manera similar; anteriormente, en un evento en Miami, imit\u00f3 su voz, insisti\u00f3 en su propuesta de intervenci\u00f3n contra grupos delictivos en territorio mexicano y afirm\u00f3 que dichas organizaciones &#8220;controlan M\u00e9xico&#8221;. D\u00edas despu\u00e9s, reiter\u00f3 que M\u00e9xico &#8220;no deber\u00eda haber rechazado&#8221; la ayuda ofrecida por Estados Unidos para combatir el narcotr\u00e1fico.<\/p>\n<h3>Claves de la postura mexicana<\/h3>\n<p>El Gobierno de M\u00e9xico mantiene un rechazo firme a modificar el nombre del Golfo, apostando por una estrategia de cooperaci\u00f3n bilateral sin escalar confrontaciones. Aunque el cambio de nombre carece de efectos legales inmediatos, el tema simboliza tensiones m\u00e1s amplias en materia de soberan\u00eda, seguridad y narrativa internacional entre ambos pa\u00edses.<\/p>\n<p>Por ahora, la postura oficial es defender la identidad territorial sin afectar la relaci\u00f3n diplom\u00e1tica con Estados Unidos.<\/p>\n","protected":false},"excerpt":{"rendered":"<p>La presidenta de M\u00e9xico, Claudia Sheinbaum, respondi\u00f3 a las declaraciones del presidente estadounidense Donald Trump, quien sugiri\u00f3 renombrar el Golfo de M\u00e9xico como &#8220;Golfo de&hellip;<\/p>\n","protected":false},"author":2,"featured_media":568,"comment_status":"open","ping_status":"open","sticky":false,"template":"","format":"standard","meta":{"footnotes":""},"categories":[53,252],"tags":[13,40,359,472,473],"class_list":["post-567","post","type-post","status-publish","format-standard","has-post-thumbnail","hentry","category-agenda-internacional","category-agenda-nacional","tag-claudia-sheinbaum","tag-donald-trump","tag-golfo-de-mexico","tag-relaciones-mexico-estados-unidos","tag-soberania"],"_links":{"self":[{"href":"https:\/\/eldiariorepublicamx.com\/index.php?rest_route=\/wp\/v2\/posts\/567","targetHints":{"allow":["GET"]}}],"collection":[{"href":"https:\/\/eldiariorepublicamx.com\/index.php?rest_route=\/wp\/v2\/posts"}],"about":[{"href":"https:\/\/eldiariorepublicamx.com\/index.php?rest_route=\/wp\/v2\/types\/post"}],"author":[{"embeddable":true,"href":"https:\/\/eldiariorepublicamx.com\/index.php?rest_route=\/wp\/v2\/users\/2"}],"replies":[{"embeddable":true,"href":"https:\/\/eldiariorepublicamx.com\/index.php?rest_route=%2Fwp%2Fv2%2Fcomments&post=567"}],"version-history":[{"count":0,"href":"https:\/\/eldiariorepublicamx.com\/index.php?rest_route=\/wp\/v2\/posts\/567\/revisions"}],"wp:featuredmedia":[{"embeddable":true,"href":"https:\/\/eldiariorepublicamx.com\/index.php?rest_route=\/wp\/v2\/media\/568"}],"wp:attachment":[{"href":"https:\/\/eldiariorepublicamx.com\/index.php?rest_route=%2Fwp%2Fv2%2Fmedia&parent=567"}],"wp:term":[{"taxonomy":"category","embeddable":true,"href":"https:\/\/eldiariorepublicamx.com\/index.php?rest_route=%2Fwp%2Fv2%2Fcategories&post=567"},{"taxonomy":"post_tag","embeddable":true,"href":"https:\/\/eldiariorepublicamx.com\/index.php?rest_route=%2Fwp%2Fv2%2Ftags&post=567"}],"curies":[{"name":"wp","href":"https:\/\/api.w.org\/{rel}","templated":true}]}}