{"id":558,"date":"2026-03-28T10:26:26","date_gmt":"2026-03-28T16:26:26","guid":{"rendered":"https:\/\/eldiariorepublicamx.com\/?p=558"},"modified":"2026-03-28T10:26:26","modified_gmt":"2026-03-28T16:26:26","slug":"presidenta-sheinbaum-confirma-en-la-mananera-que-semar-localizo-embarcaciones-con-ayuda-humanitaria-para-cuba","status":"publish","type":"post","link":"https:\/\/eldiariorepublicamx.com\/?p=558","title":{"rendered":"Presidenta Sheinbaum confirma en la ma\u00f1anera que Semar localiz\u00f3 embarcaciones con ayuda humanitaria para Cuba"},"content":{"rendered":"<p>La Secretar\u00eda de Marina de M\u00e9xico inform\u00f3 este s\u00e1bado que logr\u00f3 localizar en el Mar Caribe a dos embarcaciones tipo catamar\u00e1n que transportaban ayuda humanitaria hacia Cuba y cuyo rastro se hab\u00eda perdido. La localizaci\u00f3n ocurri\u00f3 a 80 millas n\u00e1uticas al noroeste de La Habana, gracias a una aeronave de la Armada de M\u00e9xico.<\/p>\n<h3>Operaci\u00f3n de b\u00fasqueda y rescate exitosa<\/h3>\n<p>Seg\u00fan un comunicado emitido por la propia Semar a trav\u00e9s de su cuenta oficial, ya se dirige un buque de la instituci\u00f3n hacia la zona para brindar apoyo a las embarcaciones y se mantiene comunicaci\u00f3n v\u00eda radio con la tripulaci\u00f3n. Un portavoz del convoy &#8220;Nuestra Am\u00e9rica&#8221; confirm\u00f3 el hallazgo y expres\u00f3 alivio: &#8220;Estamos aliviados de confirmar que los dos veleros han sido localizados por la Marina mexicana. Las tripulaciones est\u00e1n a salvo y los barcos contin\u00faan su trayecto a La Habana&#8221;.<\/p>\n<p>Los veleros forman parte de un convoy internacional que lleva 50 toneladas de suministros m\u00e9dicos, alimentos, paneles solares y otros bienes destinados a la poblaci\u00f3n cubana, y ten\u00edan previsto arribar entre el martes 24 y mi\u00e9rcoles 25 de marzo.<\/p>\n<h3>Coordinaci\u00f3n internacional y protocolos activados<\/h3>\n<p>La b\u00fasqueda hab\u00eda sido activada previamente por las autoridades mexicanas. La Semar detall\u00f3 que se trataba de dos catamaranes con tripulantes de diversas nacionalidades, por lo que mantuvo comunicaci\u00f3n con agencias de rescate de Polonia, Francia, Cuba y Estados Unidos. La operaci\u00f3n incluy\u00f3 el uso de aeronaves Persuader que ejecutaron patrones de b\u00fasqueda en la ruta estimada entre Isla Mujeres y La Habana.<\/p>\n<p>Durante la conferencia matutina del viernes 27 de marzo, la presidenta Claudia Sheinbaum Pardo inform\u00f3 que continuaban los esfuerzos por localizar las embarcaciones. El portavoz del convoy agradeci\u00f3 el &#8220;apoyo, coordinaci\u00f3n y profesionalismo&#8221; de las autoridades mexicanas y cubanas.<\/p>\n<h3>Contexto de la ayuda humanitaria de M\u00e9xico a Cuba<\/h3>\n<p>Esta acci\u00f3n se enmarca dentro del amplio apoyo humanitario que el gobierno de la presidenta Sheinbaum ha brindado a Cuba. Desde febrero de 2026, M\u00e9xico ha enviado ayuda a la isla, incluyendo leche l\u00edquida y en polvo, productos c\u00e1rnicos, galletas, frijol, arroz y art\u00edculos de higiene personal.<\/p>\n<p>El viernes 27 de marzo, el buque Huasteco de la Armada mexicana arrib\u00f3 al puerto de La Habana con 111 toneladas de alimentos y donaciones recogidas por organizaciones civiles mexicanas, siendo el cuarto env\u00edo desde febrero. En total, el gobierno federal ha enviado m\u00e1s de 3,000 toneladas de insumos.<\/p>\n<p>La presidenta Sheinbaum asegur\u00f3 que su gobierno seguir\u00e1 enviando &#8220;la ayuda humanitaria que sea necesaria&#8221; y que contin\u00faan &#8220;buscando la manera&#8221; de enviar combustible a la isla &#8220;sin afectar a M\u00e9xico&#8221;, en un contexto donde Cuba enfrenta una intensa crisis energ\u00e9tica y alimentaria agravada por medidas econ\u00f3micas externas.<\/p>\n","protected":false},"excerpt":{"rendered":"<p>La Secretar\u00eda de Marina de M\u00e9xico inform\u00f3 este s\u00e1bado que logr\u00f3 localizar en el Mar Caribe a dos embarcaciones tipo catamar\u00e1n que transportaban ayuda humanitaria&hellip;<\/p>\n","protected":false},"author":2,"featured_media":559,"comment_status":"open","ping_status":"open","sticky":false,"template":"","format":"standard","meta":{"footnotes":""},"categories":[251],"tags":[57,13,55,461,362],"class_list":["post-558","post","type-post","status-publish","format-standard","has-post-thumbnail","hentry","category-la-mananera-en-breve","tag-ayuda-humanitaria","tag-claudia-sheinbaum","tag-cuba","tag-mar-caribe","tag-secretaria-de-marina"],"_links":{"self":[{"href":"https:\/\/eldiariorepublicamx.com\/index.php?rest_route=\/wp\/v2\/posts\/558","targetHints":{"allow":["GET"]}}],"collection":[{"href":"https:\/\/eldiariorepublicamx.com\/index.php?rest_route=\/wp\/v2\/posts"}],"about":[{"href":"https:\/\/eldiariorepublicamx.com\/index.php?rest_route=\/wp\/v2\/types\/post"}],"author":[{"embeddable":true,"href":"https:\/\/eldiariorepublicamx.com\/index.php?rest_route=\/wp\/v2\/users\/2"}],"replies":[{"embeddable":true,"href":"https:\/\/eldiariorepublicamx.com\/index.php?rest_route=%2Fwp%2Fv2%2Fcomments&post=558"}],"version-history":[{"count":0,"href":"https:\/\/eldiariorepublicamx.com\/index.php?rest_route=\/wp\/v2\/posts\/558\/revisions"}],"wp:featuredmedia":[{"embeddable":true,"href":"https:\/\/eldiariorepublicamx.com\/index.php?rest_route=\/wp\/v2\/media\/559"}],"wp:attachment":[{"href":"https:\/\/eldiariorepublicamx.com\/index.php?rest_route=%2Fwp%2Fv2%2Fmedia&parent=558"}],"wp:term":[{"taxonomy":"category","embeddable":true,"href":"https:\/\/eldiariorepublicamx.com\/index.php?rest_route=%2Fwp%2Fv2%2Fcategories&post=558"},{"taxonomy":"post_tag","embeddable":true,"href":"https:\/\/eldiariorepublicamx.com\/index.php?rest_route=%2Fwp%2Fv2%2Ftags&post=558"}],"curies":[{"name":"wp","href":"https:\/\/api.w.org\/{rel}","templated":true}]}}