{"id":556,"date":"2026-03-28T10:26:25","date_gmt":"2026-03-28T16:26:25","guid":{"rendered":"https:\/\/eldiariorepublicamx.com\/?p=556"},"modified":"2026-03-28T10:26:25","modified_gmt":"2026-03-28T16:26:25","slug":"martinez-define-panorama-de-paulinho-en-portugal-ante-competencia-de-ronaldo-y-ramos","status":"publish","type":"post","link":"https:\/\/eldiariorepublicamx.com\/?p=556","title":{"rendered":"Mart\u00ednez define panorama de Paulinho en Portugal ante competencia de Ronaldo y Ramos"},"content":{"rendered":"<p>El futuro del delantero Paulinho con la selecci\u00f3n portuguesa despu\u00e9s de los encuentros amistosos contra M\u00e9xico y Estados Unidos se visualiza complejo, seg\u00fan las declaraciones del director t\u00e9cnico Roberto Mart\u00ednez, quien se\u00f1al\u00f3 la intensa competencia en la delantera.<\/p>\n<h3>Competencia de \u00e9lite en el ataque<\/h3>\n<p>El estratega espa\u00f1ol evit\u00f3 generar expectativas infundadas al futbolista del Toluca, explicando que en su posici\u00f3n se enfrenta a dos figuras de alto nivel: Cristiano Ronaldo, considerado entre los mejores de la historia, y Gon\u00e7alo Ramos, delantero del Paris Saint-Germain, actual campe\u00f3n de la Liga de Campeones.<\/p>\n<blockquote><p>&#8220;Paulinho probablemente estar\u00eda en cualquier selecci\u00f3n nacional del mundo, pero en Portugal es muy dif\u00edcil cuando tienes a Ronaldo y Gon\u00e7alo Ramos. Entren\u00f3 muy bien. Es un premio bien merecido, es muy inteligente&#8221;, dijo el estratega en conferencia de prensa.<\/p><\/blockquote>\n<h3>La oportunidad est\u00e1 en sus manos<\/h3>\n<p>No obstante, Mart\u00ednez expres\u00f3 su deseo de que el jugador tenga grandes actuaciones en los pr\u00f3ximos partidos que puedan hacerlo reconsiderar para futuras convocatorias. El entrenador destac\u00f3 que el momento actual podr\u00eda ser propicio para Paulinho.<\/p>\n<blockquote><p>&#8220;En la vida se necesitan momentos de suerte y este podr\u00eda ser el momento adecuado. Pero est\u00e1 en sus manos. Tendr\u00e1 su rol, tiene buena conexi\u00f3n con muchos jugadores del grupo, est\u00e1 en un buen momento de su carrera&#8221;, a\u00f1adi\u00f3.<\/p><\/blockquote>\n<h3>Preparativos en M\u00e9xico<\/h3>\n<p>La selecci\u00f3n de Portugal realiz\u00f3 un entrenamiento ligero este viernes por la ma\u00f1ana en Playa del Carmen y program\u00f3 su vuelo para la tarde con el objetivo de minimizar los efectos de la altitud de la Ciudad de M\u00e9xico, donde enfrentar\u00e1 a la selecci\u00f3n mexicana este s\u00e1bado en la reapertura del Estadio Ciudad de los Deportes.<\/p>\n","protected":false},"excerpt":{"rendered":"<p>El futuro del delantero Paulinho con la selecci\u00f3n portuguesa despu\u00e9s de los encuentros amistosos contra M\u00e9xico y Estados Unidos se visualiza complejo, seg\u00fan las declaraciones&hellip;<\/p>\n","protected":false},"author":2,"featured_media":557,"comment_status":"open","ping_status":"open","sticky":false,"template":"","format":"standard","meta":{"footnotes":""},"categories":[291],"tags":[382,458,459,457,460],"class_list":["post-556","post","type-post","status-publish","format-standard","has-post-thumbnail","hentry","category-deportes","tag-futbol","tag-paulinho","tag-portugal","tag-roberto-martinez","tag-seleccion"],"_links":{"self":[{"href":"https:\/\/eldiariorepublicamx.com\/index.php?rest_route=\/wp\/v2\/posts\/556","targetHints":{"allow":["GET"]}}],"collection":[{"href":"https:\/\/eldiariorepublicamx.com\/index.php?rest_route=\/wp\/v2\/posts"}],"about":[{"href":"https:\/\/eldiariorepublicamx.com\/index.php?rest_route=\/wp\/v2\/types\/post"}],"author":[{"embeddable":true,"href":"https:\/\/eldiariorepublicamx.com\/index.php?rest_route=\/wp\/v2\/users\/2"}],"replies":[{"embeddable":true,"href":"https:\/\/eldiariorepublicamx.com\/index.php?rest_route=%2Fwp%2Fv2%2Fcomments&post=556"}],"version-history":[{"count":0,"href":"https:\/\/eldiariorepublicamx.com\/index.php?rest_route=\/wp\/v2\/posts\/556\/revisions"}],"wp:featuredmedia":[{"embeddable":true,"href":"https:\/\/eldiariorepublicamx.com\/index.php?rest_route=\/wp\/v2\/media\/557"}],"wp:attachment":[{"href":"https:\/\/eldiariorepublicamx.com\/index.php?rest_route=%2Fwp%2Fv2%2Fmedia&parent=556"}],"wp:term":[{"taxonomy":"category","embeddable":true,"href":"https:\/\/eldiariorepublicamx.com\/index.php?rest_route=%2Fwp%2Fv2%2Fcategories&post=556"},{"taxonomy":"post_tag","embeddable":true,"href":"https:\/\/eldiariorepublicamx.com\/index.php?rest_route=%2Fwp%2Fv2%2Ftags&post=556"}],"curies":[{"name":"wp","href":"https:\/\/api.w.org\/{rel}","templated":true}]}}