{"id":554,"date":"2026-03-28T10:26:22","date_gmt":"2026-03-28T16:26:22","guid":{"rendered":"https:\/\/eldiariorepublicamx.com\/?p=554"},"modified":"2026-03-28T10:26:22","modified_gmt":"2026-03-28T16:26:22","slug":"gianni-infantino-destaca-ambiente-vibrante-de-aficion-tapatia-en-partido-previo-al-mundial-2026","status":"publish","type":"post","link":"https:\/\/eldiariorepublicamx.com\/?p=554","title":{"rendered":"Gianni Infantino destaca ambiente vibrante de afici\u00f3n tapat\u00eda en partido previo al Mundial 2026"},"content":{"rendered":"<p>El presidente de la FIFA, Gianni Infantino, expres\u00f3 su asombro por el ambiente generado por los aficionados de Guadalajara durante el partido del Repechaje Intercontinental entre Nueva Caledonia y Jamaica, celebrado en el Estadio Guadalajara.<\/p>\n<h3>Impresiones del m\u00e1ximo dirigente mundialista<\/h3>\n<p>Infantino, quien lleg\u00f3 a la ciudad la noche del partido y acudi\u00f3 r\u00e1pidamente al estadio, calific\u00f3 el evento como un &#8220;anticipo fant\u00e1stico&#8221; de lo que se vivir\u00e1 durante la Copa Mundial de la FIFA programada para junio y julio de 2026. En sus redes sociales, el dirigente agradeci\u00f3 a la afici\u00f3n por crear un &#8220;ambiente maravilloso&#8221;.<\/p>\n<h3>Reacciones locales y organizativas<\/h3>\n<p>Amaury Vergara, propietario del Club Deportivo Guadalajara y miembro del Comit\u00e9 Organizador, revel\u00f3 que Infantino se fue de la ciudad con una muy buena impresi\u00f3n, llev\u00e1ndose un &#8220;gran sabor de boca&#8221; de la sede y su gente. Vergara tambi\u00e9n comparti\u00f3 un momento de nostalgia por su padre, Jorge Vergara, a quien atribuye el inicio de este proyecto.<\/p>\n<p>El Gobernador de Jalisco, Pablo Lemus, se\u00f1al\u00f3 que lo vivido fue solo un adelanto de lo que el estado ofrecer\u00e1 durante la Copa del Mundo, destacando que la afici\u00f3n jalisciense demostr\u00f3 por qu\u00e9 han sido sede mundialista en tres ocasiones.<\/p>\n<h3>\u00c9xito operativo y expectativa social<\/h3>\n<p>Ainara Zatarain, Directora de Operaciones del Estadio Guadalajara, manifest\u00f3 su orgullo y gratitud al ver que todo el evento se desarroll\u00f3 seg\u00fan lo planeado, describi\u00e9ndolo como un momento hist\u00f3rico y el primero de seis partidos de la FIFA que albergar\u00e1 el recinto.<\/p>\n<p>Por su parte, la Alcaldesa de Guadalajara, Ver\u00f3nica Delgadillo, expres\u00f3 su esperanza de que el Mundial sirva como un pretexto para unir a la sociedad tapat\u00eda, a los mexicanos y al mundo entero, enfatizando que la celebraci\u00f3n ser\u00e1 comunitaria.<\/p>\n<h3>Pr\u00f3ximos pasos del repechaje<\/h3>\n<p>El siguiente encuentro del Repechaje Mundialista est\u00e1 programado para el martes 31 de marzo, donde Jamaica se enfrentar\u00e1 a la Rep\u00fablica Democr\u00e1tica del Congo para definir al \u00faltimo clasificado a la Copa del Mundo, cuya ceremonia inaugural est\u00e1 fijada para el 11 de junio.<\/p>\n","protected":false},"excerpt":{"rendered":"<p>El presidente de la FIFA, Gianni Infantino, expres\u00f3 su asombro por el ambiente generado por los aficionados de Guadalajara durante el partido del Repechaje Intercontinental&hellip;<\/p>\n","protected":false},"author":2,"featured_media":555,"comment_status":"open","ping_status":"open","sticky":false,"template":"","format":"standard","meta":{"footnotes":""},"categories":[291],"tags":[456,452,454,453,455],"class_list":["post-554","post","type-post","status-publish","format-standard","has-post-thumbnail","hentry","category-deportes","tag-estadio-guadalajara","tag-fifa","tag-gianni-infantino","tag-guadalajara","tag-repechaje"],"_links":{"self":[{"href":"https:\/\/eldiariorepublicamx.com\/index.php?rest_route=\/wp\/v2\/posts\/554","targetHints":{"allow":["GET"]}}],"collection":[{"href":"https:\/\/eldiariorepublicamx.com\/index.php?rest_route=\/wp\/v2\/posts"}],"about":[{"href":"https:\/\/eldiariorepublicamx.com\/index.php?rest_route=\/wp\/v2\/types\/post"}],"author":[{"embeddable":true,"href":"https:\/\/eldiariorepublicamx.com\/index.php?rest_route=\/wp\/v2\/users\/2"}],"replies":[{"embeddable":true,"href":"https:\/\/eldiariorepublicamx.com\/index.php?rest_route=%2Fwp%2Fv2%2Fcomments&post=554"}],"version-history":[{"count":0,"href":"https:\/\/eldiariorepublicamx.com\/index.php?rest_route=\/wp\/v2\/posts\/554\/revisions"}],"wp:featuredmedia":[{"embeddable":true,"href":"https:\/\/eldiariorepublicamx.com\/index.php?rest_route=\/wp\/v2\/media\/555"}],"wp:attachment":[{"href":"https:\/\/eldiariorepublicamx.com\/index.php?rest_route=%2Fwp%2Fv2%2Fmedia&parent=554"}],"wp:term":[{"taxonomy":"category","embeddable":true,"href":"https:\/\/eldiariorepublicamx.com\/index.php?rest_route=%2Fwp%2Fv2%2Fcategories&post=554"},{"taxonomy":"post_tag","embeddable":true,"href":"https:\/\/eldiariorepublicamx.com\/index.php?rest_route=%2Fwp%2Fv2%2Ftags&post=554"}],"curies":[{"name":"wp","href":"https:\/\/api.w.org\/{rel}","templated":true}]}}