{"id":548,"date":"2026-03-28T10:26:11","date_gmt":"2026-03-28T16:26:11","guid":{"rendered":"https:\/\/eldiariorepublicamx.com\/?p=548"},"modified":"2026-03-28T10:26:11","modified_gmt":"2026-03-28T16:26:11","slug":"diputados-federales-superan-a-periodistas-en-tanda-de-penales-durante-torneo-futbolero-en-san-lazaro","status":"publish","type":"post","link":"https:\/\/eldiariorepublicamx.com\/?p=548","title":{"rendered":"Diputados federales superan a periodistas en tanda de penales durante torneo futbolero en San L\u00e1zaro"},"content":{"rendered":"<p>El equipo de Diputados Federales se impuso por 4-3 en la definici\u00f3n por penaltis al conjunto de La Prensa Brava, conformado por reporteros, en un partido amistoso disputado como parte del Mundialito Legislativo en las instalaciones del Palacio de San L\u00e1zaro. El encuentro, celebrado en una de las cuatro jornadas del mini torneo, termin\u00f3 con un empate a cero en el tiempo reglamentario, forzando la dram\u00e1tica resoluci\u00f3n desde los once metros.<\/p>\n<h3>Din\u00e1mica del encuentro<\/h3>\n<p>Desde el inicio, el cuadro de los legisladores, capitaneado por Gerardo Ulloa e integrado tambi\u00e9n por los diputados Jes\u00fas Antonio Pujol y Emilio Ram\u00f3n &#8216;Chol&#8217; Ram\u00edrez, mostr\u00f3 una ofensiva constante. Sin embargo, se encontraron con una s\u00f3lida defensa period\u00edstica, donde el portero de El Sol de M\u00e9xico y sus compa\u00f1eros de medios como El Universal, El Financiero, Animal Pol\u00edtico y Proceso, bloquearon cada intento de gol. La justa se caracteriz\u00f3 por un equilibrio de fuerzas, con cuatro oportunidades claras para cada bando, incluyendo un tiro libre de \u00d3scar del Canal del Congreso que roz\u00f3 el poste y otro cobrado por Pujol que estremeci\u00f3 el marco.<\/p>\n<h3>Inauguraci\u00f3n y contexto del evento<\/h3>\n<p>Previo al inicio del torneo, Ricardo Monreal, coordinador de la Junta de Coordinaci\u00f3n Pol\u00edtica, realiz\u00f3 el saque de honor y expres\u00f3 su satisfacci\u00f3n por la participaci\u00f3n de dos equipos de periodistas en la justa, destacando que dirimir\u00edan sus diferencias &#8220;de manera amistosa, a patadas&#8221;. El Mundialito Legislativo es la segunda edici\u00f3n de un evento que busca fomentar el deporte, el compa\u00f1erismo y el trabajo en equipo, reuniendo a legisladores, personal de la C\u00e1mara, equipos de comunicaci\u00f3n social y universidades como la FES Arag\u00f3n, La Salle y la UVM, en partidos rel\u00e1mpago de 15 minutos.<\/p>\n<h3>Comentarios y expectativas<\/h3>\n<p>Entre los participantes medi\u00e1ticos exist\u00eda la expectativa de enfrentarse al diputado federal por Morena y exfutbolista profesional, Cuauht\u00e9moc Blanco. Por otra parte, durante la ceremonia inaugural, Gabriela Cuevas Barr\u00f3n, representante del gobierno mexicano para la Copa Mundial FIFA 2026, resalt\u00f3 que M\u00e9xico har\u00e1 historia al ser el primer pa\u00eds en organizar tres Copas del Mundo, con el inicio del torneo programado para el pr\u00f3ximo 11 de junio. Rommel Pacheco, titular de la Conade, se\u00f1al\u00f3 que esta iniciativa se suma a otras impulsadas por el Gobierno federal, como la Copa Escolar y la Copa de Barrio.<\/p>\n<p>Monreal, antes de inaugurar el evento con un penal fallido, a\u00f1adi\u00f3 que estas actividades contribuyen al \u00e1nimo y entusiasmo que desea fomentar la presidenta, promoviendo una &#8220;fiebre correcta de solidaridad&#8221; y unidad en el pa\u00eds. La justa deportiva concluy\u00f3 con la victoria legislativa, donde por una ocasi\u00f3n, el marcador cobr\u00f3 m\u00e1s relevancia que el qu\u00f3rum parlamentario.<\/p>\n","protected":false},"excerpt":{"rendered":"<p>El equipo de Diputados Federales se impuso por 4-3 en la definici\u00f3n por penaltis al conjunto de La Prensa Brava, conformado por reporteros, en un&hellip;<\/p>\n","protected":false},"author":2,"featured_media":549,"comment_status":"open","ping_status":"open","sticky":false,"template":"","format":"standard","meta":{"footnotes":""},"categories":[291,290],"tags":[44,382,444,445,446],"class_list":["post-548","post","type-post","status-publish","format-standard","has-post-thumbnail","hentry","category-deportes","category-sociedad-y-cultura","tag-diputados","tag-futbol","tag-mundialito-legislativo","tag-periodistas","tag-san-lazaro"],"_links":{"self":[{"href":"https:\/\/eldiariorepublicamx.com\/index.php?rest_route=\/wp\/v2\/posts\/548","targetHints":{"allow":["GET"]}}],"collection":[{"href":"https:\/\/eldiariorepublicamx.com\/index.php?rest_route=\/wp\/v2\/posts"}],"about":[{"href":"https:\/\/eldiariorepublicamx.com\/index.php?rest_route=\/wp\/v2\/types\/post"}],"author":[{"embeddable":true,"href":"https:\/\/eldiariorepublicamx.com\/index.php?rest_route=\/wp\/v2\/users\/2"}],"replies":[{"embeddable":true,"href":"https:\/\/eldiariorepublicamx.com\/index.php?rest_route=%2Fwp%2Fv2%2Fcomments&post=548"}],"version-history":[{"count":0,"href":"https:\/\/eldiariorepublicamx.com\/index.php?rest_route=\/wp\/v2\/posts\/548\/revisions"}],"wp:featuredmedia":[{"embeddable":true,"href":"https:\/\/eldiariorepublicamx.com\/index.php?rest_route=\/wp\/v2\/media\/549"}],"wp:attachment":[{"href":"https:\/\/eldiariorepublicamx.com\/index.php?rest_route=%2Fwp%2Fv2%2Fmedia&parent=548"}],"wp:term":[{"taxonomy":"category","embeddable":true,"href":"https:\/\/eldiariorepublicamx.com\/index.php?rest_route=%2Fwp%2Fv2%2Fcategories&post=548"},{"taxonomy":"post_tag","embeddable":true,"href":"https:\/\/eldiariorepublicamx.com\/index.php?rest_route=%2Fwp%2Fv2%2Ftags&post=548"}],"curies":[{"name":"wp","href":"https:\/\/api.w.org\/{rel}","templated":true}]}}