{"id":536,"date":"2026-03-27T10:28:21","date_gmt":"2026-03-27T16:28:21","guid":{"rendered":"https:\/\/eldiariorepublicamx.com\/?p=536"},"modified":"2026-03-27T10:28:21","modified_gmt":"2026-03-27T16:28:21","slug":"eduardo-zucchi-aborda-las-constantes-comparaciones-con-su-padre-el-actor-eduardo-santamarina","status":"publish","type":"post","link":"https:\/\/eldiariorepublicamx.com\/?p=536","title":{"rendered":"Eduardo Zucchi aborda las constantes comparaciones con su padre, el actor Eduardo Santamarina"},"content":{"rendered":"<p>El actor Eduardo Zucchi, uno de los hijos del matrimonio entre Eduardo Santamarina e Itat\u00ed Cantoral, se refiri\u00f3 p\u00fablicamente a las continuas comparaciones que recibe con respecto a su progenitor tanto en su aspecto f\u00edsico como en su personalidad.<\/p>\n<h3>Reconocimiento de similitudes afectivas<\/h3>\n<p>En una conversaci\u00f3n con TVNotas, Zucchi identific\u00f3 un rasgo compartido con su padre: la naturaleza cari\u00f1osa. Afirm\u00f3 que ambos poseen un car\u00e1cter afectuoso, destacando el h\u00e1bito de Santamarina de abrazar a las personas incluso si no las conoce, una cualidad que \u00e9l mismo ha adoptado y por la cual recibe comentarios similares.<\/p>\n<blockquote><p>\u201cHe notado que los dos somos muy apapachadores. Mi pap\u00e1 es de los que agarra y abraza a la gente, aunque no los conozca. Eso me gusta mucho. Yo he absorbido eso y hasta las personas me dicen: \u2018me abrazas como tu pap\u00e1\u2019\u201d, mencion\u00f3 Eduardo Zucchi.<\/p><\/blockquote>\n<h3>Consciente del legado familiar<\/h3>\n<p>El joven actor expres\u00f3 su plena conciencia de que las comparaciones con su padre y, en menor medida, con la exitosa carrera de su madre, ser\u00e1n una constante en su vida profesional. Reconoci\u00f3 la fortuna de tener padres con un talento consolidado en la industria del entretenimiento, pero tambi\u00e9n se refiri\u00f3 a los comentarios cr\u00edticos que enfrenta.<\/p>\n<p>A\u00f1adi\u00f3 que, ante las opiniones que puedan sugerir que su posici\u00f3n se debe \u00fanicamente a sus padres o que ellos son superiores, \u00e9l ha optado por prepararse de manera rigurosa para demostrar su propio valor y trabajo.<\/p>\n<blockquote><p>\u201cSiempre estar\u00e9 a la expectativa y habr\u00e1 comparaciones. Tengo la bendici\u00f3n de que mis padres son muy talentosos dentro del medio. Nunca faltar\u00e1 quien diga: \u2018Est\u00e1 ah\u00ed por sus pap\u00e1s o ellos son mejor que \u00e9l\u2019 sin embargo me he preparado much\u00edsimo\u201d, agreg\u00f3.<\/p><\/blockquote>\n","protected":false},"excerpt":{"rendered":"<p>El actor Eduardo Zucchi, uno de los hijos del matrimonio entre Eduardo Santamarina e Itat\u00ed Cantoral, se refiri\u00f3 p\u00fablicamente a las continuas comparaciones que recibe&hellip;<\/p>\n","protected":false},"author":2,"featured_media":537,"comment_status":"open","ping_status":"open","sticky":false,"template":"","format":"standard","meta":{"footnotes":""},"categories":[290],"tags":[434,435,432,431,433],"class_list":["post-536","post","type-post","status-publish","format-standard","has-post-thumbnail","hentry","category-sociedad-y-cultura","tag-actor","tag-comparaciones","tag-eduardo-santamarina","tag-eduardo-zucchi","tag-itati-cantoral"],"_links":{"self":[{"href":"https:\/\/eldiariorepublicamx.com\/index.php?rest_route=\/wp\/v2\/posts\/536","targetHints":{"allow":["GET"]}}],"collection":[{"href":"https:\/\/eldiariorepublicamx.com\/index.php?rest_route=\/wp\/v2\/posts"}],"about":[{"href":"https:\/\/eldiariorepublicamx.com\/index.php?rest_route=\/wp\/v2\/types\/post"}],"author":[{"embeddable":true,"href":"https:\/\/eldiariorepublicamx.com\/index.php?rest_route=\/wp\/v2\/users\/2"}],"replies":[{"embeddable":true,"href":"https:\/\/eldiariorepublicamx.com\/index.php?rest_route=%2Fwp%2Fv2%2Fcomments&post=536"}],"version-history":[{"count":0,"href":"https:\/\/eldiariorepublicamx.com\/index.php?rest_route=\/wp\/v2\/posts\/536\/revisions"}],"wp:featuredmedia":[{"embeddable":true,"href":"https:\/\/eldiariorepublicamx.com\/index.php?rest_route=\/wp\/v2\/media\/537"}],"wp:attachment":[{"href":"https:\/\/eldiariorepublicamx.com\/index.php?rest_route=%2Fwp%2Fv2%2Fmedia&parent=536"}],"wp:term":[{"taxonomy":"category","embeddable":true,"href":"https:\/\/eldiariorepublicamx.com\/index.php?rest_route=%2Fwp%2Fv2%2Fcategories&post=536"},{"taxonomy":"post_tag","embeddable":true,"href":"https:\/\/eldiariorepublicamx.com\/index.php?rest_route=%2Fwp%2Fv2%2Ftags&post=536"}],"curies":[{"name":"wp","href":"https:\/\/api.w.org\/{rel}","templated":true}]}}