{"id":532,"date":"2026-03-27T10:28:18","date_gmt":"2026-03-27T16:28:18","guid":{"rendered":"https:\/\/eldiariorepublicamx.com\/?p=532"},"modified":"2026-03-27T10:28:18","modified_gmt":"2026-03-27T16:28:18","slug":"la-presidenta-sheinbaum-conduce-su-sesion-informativa-diaria-desde-palacio-nacional","status":"publish","type":"post","link":"https:\/\/eldiariorepublicamx.com\/?p=532","title":{"rendered":"La presidenta Sheinbaum conduce su sesi\u00f3n informativa diaria desde Palacio Nacional"},"content":{"rendered":"<p>La mandataria de la naci\u00f3n, Claudia Sheinbaum, preside este viernes la conferencia de prensa matutina con medios de comunicaci\u00f3n nacionales, evento que se lleva a cabo en la sede del poder ejecutivo federal.<\/p>\n<h3>Desarrollo del di\u00e1logo informativo<\/h3>\n<p>La sesi\u00f3n, caracterizada como un espacio de di\u00e1logo circular, se desarrolla en el Palacio Nacional. La transmisi\u00f3n en vivo del encuentro permite a la ciudadan\u00eda seguir de cerca las declaraciones y anuncios de la jefa de estado.<\/p>\n<h3>Cronolog\u00eda de la transmisi\u00f3n<\/h3>\n<p>La cobertura minuto a minuto inici\u00f3 desde las primeras horas de la ma\u00f1ana, con actualizaciones continuas que registran el desarrollo del evento. Los horarios reportados abarcan desde las 08:39 hasta las 09:48 horas de este 27 de marzo de 2026.<\/p>\n","protected":false},"excerpt":{"rendered":"<p>La mandataria de la naci\u00f3n, Claudia Sheinbaum, preside este viernes la conferencia de prensa matutina con medios de comunicaci\u00f3n nacionales, evento que se lleva a&hellip;<\/p>\n","protected":false},"author":2,"featured_media":533,"comment_status":"open","ping_status":"open","sticky":false,"template":"","format":"standard","meta":{"footnotes":""},"categories":[252],"tags":[13,426,427,17,428],"class_list":["post-532","post","type-post","status-publish","format-standard","has-post-thumbnail","hentry","category-agenda-nacional","tag-claudia-sheinbaum","tag-conferencia","tag-matutina","tag-palacio-nacional","tag-prensa"],"_links":{"self":[{"href":"https:\/\/eldiariorepublicamx.com\/index.php?rest_route=\/wp\/v2\/posts\/532","targetHints":{"allow":["GET"]}}],"collection":[{"href":"https:\/\/eldiariorepublicamx.com\/index.php?rest_route=\/wp\/v2\/posts"}],"about":[{"href":"https:\/\/eldiariorepublicamx.com\/index.php?rest_route=\/wp\/v2\/types\/post"}],"author":[{"embeddable":true,"href":"https:\/\/eldiariorepublicamx.com\/index.php?rest_route=\/wp\/v2\/users\/2"}],"replies":[{"embeddable":true,"href":"https:\/\/eldiariorepublicamx.com\/index.php?rest_route=%2Fwp%2Fv2%2Fcomments&post=532"}],"version-history":[{"count":0,"href":"https:\/\/eldiariorepublicamx.com\/index.php?rest_route=\/wp\/v2\/posts\/532\/revisions"}],"wp:featuredmedia":[{"embeddable":true,"href":"https:\/\/eldiariorepublicamx.com\/index.php?rest_route=\/wp\/v2\/media\/533"}],"wp:attachment":[{"href":"https:\/\/eldiariorepublicamx.com\/index.php?rest_route=%2Fwp%2Fv2%2Fmedia&parent=532"}],"wp:term":[{"taxonomy":"category","embeddable":true,"href":"https:\/\/eldiariorepublicamx.com\/index.php?rest_route=%2Fwp%2Fv2%2Fcategories&post=532"},{"taxonomy":"post_tag","embeddable":true,"href":"https:\/\/eldiariorepublicamx.com\/index.php?rest_route=%2Fwp%2Fv2%2Ftags&post=532"}],"curies":[{"name":"wp","href":"https:\/\/api.w.org\/{rel}","templated":true}]}}